{"id":1001,"date":"2016-02-29T08:08:57","date_gmt":"2016-02-29T08:08:57","guid":{"rendered":"http:\/\/geografics.cat\/?p=1001"},"modified":"2020-07-22T10:57:26","modified_gmt":"2020-07-22T10:57:26","slug":"per-veure-la-geografia-en-3d","status":"publish","type":"post","link":"https:\/\/www.geografics.cat\/?p=1001","title":{"rendered":"Per veure la geografia en 3D"},"content":{"rendered":"<p>Us presento aquesta web, molt \u00fatil per visualitzar en 3D diferents conceptes de la meteo i la geografia en general. En el seu conjunt, tamb\u00e9 podreu trobar recursos i animacions 3D de diferents mat\u00e8ries. La seva versi\u00f3 gratuita &nbsp;permet accedir a un&nbsp;n\u00famero limitat de visualitzacions. &nbsp;Molt recomanable !!<\/p>\n<p><a href=\"http:\/\/www.mozaweb.com\/es\/lexikon.php?cmd=getlist&amp;let=7&amp;sid=FOL\" target=\"_blank\" rel=\"noopener noreferrer\">MOZAWEB. Animacions en 3D<\/a><\/p>\n<p><img data-recalc-dims=\"1\" loading=\"lazy\" decoding=\"async\" class=\"alignnone size-full wp-image-1011\" src=\"https:\/\/geografics.files.wordpress.com\/2016\/02\/captura-de-pantalla-2016-02-29-a-les-9-04-32.png?resize=640%2C646\" alt=\"Captura de pantalla 2016-02-29 a les 9.04.32\" width=\"640\" height=\"646\"><\/p>\n<p>&nbsp;<\/p>\n","protected":false},"excerpt":{"rendered":"<p>Us presento aquesta web, molt \u00fatil<\/p>\n","protected":false},"author":1,"featured_media":11396,"comment_status":"open","ping_status":"open","sticky":false,"template":"","format":"standard","meta":{"_monsterinsights_skip_tracking":false,"_monsterinsights_sitenote_active":false,"_monsterinsights_sitenote_note":"","_monsterinsights_sitenote_category":0,"jetpack_post_was_ever_published":false,"_jetpack_newsletter_access":"","_jetpack_dont_email_post_to_subs":false,"_jetpack_newsletter_tier_id":0,"_jetpack_memberships_contains_paywalled_content":false,"_jetpack_memberships_contains_paid_content":false,"footnotes":"","jetpack_publicize_message":"","jetpack_publicize_feature_enabled":true,"jetpack_social_post_already_shared":false,"jetpack_social_options":{"image_generator_settings":{"template":"highway","default_image_id":0,"font":"","enabled":false},"version":2}},"categories":[2,6],"tags":[58,80,106,278,277],"class_list":["post-1001","post","type-post","status-publish","format-standard","has-post-thumbnail","hentry","category-coses-de-les-socials","category-mirant-el-cel","tag-educacio","tag-geografia","tag-meteo","tag-mozaik","tag-mozaik-escola"],"jetpack_publicize_connections":[],"jetpack_featured_media_url":"https:\/\/i0.wp.com\/www.geografics.cat\/wp-content\/uploads\/2016\/02\/Captura-de-Pantalla-2020-07-22-a-les-12.53.56.png?fit=1372%2C748&ssl=1","jetpack_likes_enabled":true,"jetpack_sharing_enabled":true,"jetpack-related-posts":[],"_links":{"self":[{"href":"https:\/\/www.geografics.cat\/index.php?rest_route=\/wp\/v2\/posts\/1001","targetHints":{"allow":["GET"]}}],"collection":[{"href":"https:\/\/www.geografics.cat\/index.php?rest_route=\/wp\/v2\/posts"}],"about":[{"href":"https:\/\/www.geografics.cat\/index.php?rest_route=\/wp\/v2\/types\/post"}],"author":[{"embeddable":true,"href":"https:\/\/www.geografics.cat\/index.php?rest_route=\/wp\/v2\/users\/1"}],"replies":[{"embeddable":true,"href":"https:\/\/www.geografics.cat\/index.php?rest_route=%2Fwp%2Fv2%2Fcomments&post=1001"}],"version-history":[{"count":0,"href":"https:\/\/www.geografics.cat\/index.php?rest_route=\/wp\/v2\/posts\/1001\/revisions"}],"wp:featuredmedia":[{"embeddable":true,"href":"https:\/\/www.geografics.cat\/index.php?rest_route=\/wp\/v2\/media\/11396"}],"wp:attachment":[{"href":"https:\/\/www.geografics.cat\/index.php?rest_route=%2Fwp%2Fv2%2Fmedia&parent=1001"}],"wp:term":[{"taxonomy":"category","embeddable":true,"href":"https:\/\/www.geografics.cat\/index.php?rest_route=%2Fwp%2Fv2%2Fcategories&post=1001"},{"taxonomy":"post_tag","embeddable":true,"href":"https:\/\/www.geografics.cat\/index.php?rest_route=%2Fwp%2Fv2%2Ftags&post=1001"}],"curies":[{"name":"wp","href":"https:\/\/api.w.org\/{rel}","templated":true}]}}