{"id":10076,"date":"2020-07-04T14:46:10","date_gmt":"2020-07-04T14:46:10","guid":{"rendered":"http:\/\/www.geografics.cat\/?p=10076"},"modified":"2020-07-14T16:46:17","modified_gmt":"2020-07-14T16:46:17","slug":"llums-de-tempesta","status":"publish","type":"post","link":"https:\/\/www.geografics.cat\/?p=10076","title":{"rendered":"Llums de tempesta"},"content":{"rendered":"\n<p>El dijous 2 de juliol al vespre, despr\u00e9s d&#8217;uns dies de for\u00e7a calor, es va formar un nucli de tempesta a prop de Terrassa. Molt aparell el\u00e8ctric i molts llamps, i poca tronada i sorroll que arrib\u00e9s a sentir-se des de Terrassa. Escolteu la nova m\u00fasica del cel i no deixeu de gaudir de la natura! <a href=\"https:\/\/youtu.be\/yQ0Ed8PhVI8\" target=\"_blank\" rel=\"noreferrer noopener\" aria-label=\"Entra i veu el video! (s'obre en una nova pestanya)\">Entra i veu el video!<\/a><\/p>\n","protected":false},"excerpt":{"rendered":"<p>El dijous 2 de juliol al<\/p>\n","protected":false},"author":1,"featured_media":10079,"comment_status":"open","ping_status":"open","sticky":false,"template":"","format":"standard","meta":{"_monsterinsights_skip_tracking":false,"_monsterinsights_sitenote_active":false,"_monsterinsights_sitenote_note":"","_monsterinsights_sitenote_category":0,"jetpack_post_was_ever_published":false,"_jetpack_newsletter_access":"","_jetpack_dont_email_post_to_subs":false,"_jetpack_newsletter_tier_id":0,"_jetpack_memberships_contains_paywalled_content":false,"_jetpack_memberships_contains_paid_content":false,"footnotes":"","jetpack_publicize_message":"","jetpack_publicize_feature_enabled":true,"jetpack_social_post_already_shared":true,"jetpack_social_options":{"image_generator_settings":{"template":"highway","default_image_id":0,"font":"","enabled":false},"version":2}},"categories":[6],"tags":[44,270,106,221,118,269,271],"class_list":["post-10076","post","type-post","status-publish","format-standard","has-post-thumbnail","hentry","category-mirant-el-cel","tag-cel","tag-llamps","tag-meteo","tag-meteorologia","tag-nuvols","tag-tempesta","tag-video"],"jetpack_publicize_connections":[],"jetpack_featured_media_url":"https:\/\/i0.wp.com\/www.geografics.cat\/wp-content\/uploads\/2020\/07\/Captura-de-Pantalla-2020-07-04-a-les-16.48.17.png?fit=1706%2C974&ssl=1","jetpack_likes_enabled":true,"jetpack_sharing_enabled":true,"jetpack-related-posts":[],"_links":{"self":[{"href":"https:\/\/www.geografics.cat\/index.php?rest_route=\/wp\/v2\/posts\/10076","targetHints":{"allow":["GET"]}}],"collection":[{"href":"https:\/\/www.geografics.cat\/index.php?rest_route=\/wp\/v2\/posts"}],"about":[{"href":"https:\/\/www.geografics.cat\/index.php?rest_route=\/wp\/v2\/types\/post"}],"author":[{"embeddable":true,"href":"https:\/\/www.geografics.cat\/index.php?rest_route=\/wp\/v2\/users\/1"}],"replies":[{"embeddable":true,"href":"https:\/\/www.geografics.cat\/index.php?rest_route=%2Fwp%2Fv2%2Fcomments&post=10076"}],"version-history":[{"count":0,"href":"https:\/\/www.geografics.cat\/index.php?rest_route=\/wp\/v2\/posts\/10076\/revisions"}],"wp:featuredmedia":[{"embeddable":true,"href":"https:\/\/www.geografics.cat\/index.php?rest_route=\/wp\/v2\/media\/10079"}],"wp:attachment":[{"href":"https:\/\/www.geografics.cat\/index.php?rest_route=%2Fwp%2Fv2%2Fmedia&parent=10076"}],"wp:term":[{"taxonomy":"category","embeddable":true,"href":"https:\/\/www.geografics.cat\/index.php?rest_route=%2Fwp%2Fv2%2Fcategories&post=10076"},{"taxonomy":"post_tag","embeddable":true,"href":"https:\/\/www.geografics.cat\/index.php?rest_route=%2Fwp%2Fv2%2Ftags&post=10076"}],"curies":[{"name":"wp","href":"https:\/\/api.w.org\/{rel}","templated":true}]}}