{"id":102,"date":"2011-04-24T16:45:00","date_gmt":"2011-04-24T16:45:00","guid":{"rendered":"http:\/\/geografics.wordpress.com\/?p=102"},"modified":"2020-06-25T10:48:07","modified_gmt":"2020-06-25T10:48:07","slug":"la-forca-de-la-natura","status":"publish","type":"post","link":"https:\/\/www.geografics.cat\/?p=102","title":{"rendered":"La for\u00e7a de la natura"},"content":{"rendered":"<p>Ara ja fa un any de les <strong>erupcions del volc\u00e0 island\u00e8s l&#8217;Eyjafjalla. <\/strong>Les seves conseq\u00fc\u00e8ncies socials, pol\u00edtiques i econ\u00f2miques van afectar tot Europa.<\/p>\n<p>L&#8217;activitat s\u00edsmica va comen\u00e7ar a finals del 2009, arribant a l&#8217;erupci\u00f3 volc\u00e0nicadel 20 de mar\u00e7&nbsp; de 2010, amb nivell 1 de l&#8217;\u00cdndex d&#8217;Explosivitat Volc\u00e0nica'(VEI). Una segona erupci\u00f3 des del 14 d&#8217;abril, va provocar un intens n\u00favol de cendra, que es va estendre pel continent europeu causant una interrupci\u00f3 del tr\u00e0nsit aeri i afectant a milions de passatgers a tot el m\u00f3n.<\/p>\n<p>Aqu\u00ed teniu un petit recordatori d&#8217;imatges i m\u00fasica, val la pena: el <a title=\"video volc\u00e0\" href=\"https:\/\/vimeo.com\/11673745\">volc\u00e0 island\u00e8s <\/a><\/p>\n","protected":false},"excerpt":{"rendered":"<p>Ara ja fa un any de<\/p>\n","protected":false},"author":1,"featured_media":9835,"comment_status":"open","ping_status":"open","sticky":false,"template":"","format":"standard","meta":{"_monsterinsights_skip_tracking":false,"_monsterinsights_sitenote_active":false,"_monsterinsights_sitenote_note":"","_monsterinsights_sitenote_category":0,"jetpack_post_was_ever_published":false,"_jetpack_newsletter_access":"","_jetpack_dont_email_post_to_subs":false,"_jetpack_newsletter_tier_id":0,"_jetpack_memberships_contains_paywalled_content":false,"_jetpack_memberships_contains_paid_content":false,"footnotes":"","jetpack_publicize_message":"","jetpack_publicize_feature_enabled":true,"jetpack_social_post_already_shared":false,"jetpack_social_options":{"image_generator_settings":{"template":"highway","default_image_id":0,"font":"","enabled":false},"version":2}},"categories":[2,5,6,7],"tags":[63,115,211],"class_list":["post-102","post","type-post","status-publish","format-standard","has-post-thumbnail","hentry","category-coses-de-les-socials","category-fitxes-de-meteo","category-mirant-el-cel","category-reportatges","tag-erupcio","tag-natura","tag-volcans"],"jetpack_publicize_connections":[],"jetpack_featured_media_url":"https:\/\/i0.wp.com\/www.geografics.cat\/wp-content\/uploads\/2011\/04\/Iceland_Volcano_Vill_111.jpg?fit=868%2C578&ssl=1","jetpack_likes_enabled":true,"jetpack_sharing_enabled":true,"jetpack-related-posts":[],"_links":{"self":[{"href":"https:\/\/www.geografics.cat\/index.php?rest_route=\/wp\/v2\/posts\/102","targetHints":{"allow":["GET"]}}],"collection":[{"href":"https:\/\/www.geografics.cat\/index.php?rest_route=\/wp\/v2\/posts"}],"about":[{"href":"https:\/\/www.geografics.cat\/index.php?rest_route=\/wp\/v2\/types\/post"}],"author":[{"embeddable":true,"href":"https:\/\/www.geografics.cat\/index.php?rest_route=\/wp\/v2\/users\/1"}],"replies":[{"embeddable":true,"href":"https:\/\/www.geografics.cat\/index.php?rest_route=%2Fwp%2Fv2%2Fcomments&post=102"}],"version-history":[{"count":0,"href":"https:\/\/www.geografics.cat\/index.php?rest_route=\/wp\/v2\/posts\/102\/revisions"}],"wp:featuredmedia":[{"embeddable":true,"href":"https:\/\/www.geografics.cat\/index.php?rest_route=\/wp\/v2\/media\/9835"}],"wp:attachment":[{"href":"https:\/\/www.geografics.cat\/index.php?rest_route=%2Fwp%2Fv2%2Fmedia&parent=102"}],"wp:term":[{"taxonomy":"category","embeddable":true,"href":"https:\/\/www.geografics.cat\/index.php?rest_route=%2Fwp%2Fv2%2Fcategories&post=102"},{"taxonomy":"post_tag","embeddable":true,"href":"https:\/\/www.geografics.cat\/index.php?rest_route=%2Fwp%2Fv2%2Ftags&post=102"}],"curies":[{"name":"wp","href":"https:\/\/api.w.org\/{rel}","templated":true}]}}