{"id":1061,"date":"2016-04-05T08:50:20","date_gmt":"2016-04-05T08:50:20","guid":{"rendered":"http:\/\/geografics.cat\/?p=1061"},"modified":"2020-07-22T11:13:01","modified_gmt":"2020-07-22T11:13:01","slug":"cap-a-nuria","status":"publish","type":"post","link":"https:\/\/www.geografics.cat\/?p=1061","title":{"rendered":"Cap a N\u00faria"},"content":{"rendered":"<p>Breu reportatge fotogr\u00e0fic del cam\u00ed Queralbs &#8211; N\u00faria (3-4-2016). Un passeig assequible i agra\u00eft amb la primavera a punt d&#8217;esclatar. <a href=\"https:\/\/photos.app.goo.gl\/QUE4EdnWDeApsmNq7\" target=\"_blank\" rel=\"noopener noreferrer\">Enlla\u00e7 a l&#8217;\u00e0lbum de fotos<\/a><\/p>\n","protected":false},"excerpt":{"rendered":"<p>Breu reportatge fotogr\u00e0fic del cam\u00ed Queralbs<\/p>\n","protected":false},"author":1,"featured_media":11412,"comment_status":"open","ping_status":"open","sticky":false,"template":"","format":"standard","meta":{"_monsterinsights_skip_tracking":false,"_monsterinsights_sitenote_active":false,"_monsterinsights_sitenote_note":"","_monsterinsights_sitenote_category":0,"jetpack_post_was_ever_published":false,"_jetpack_newsletter_access":"","_jetpack_dont_email_post_to_subs":false,"_jetpack_newsletter_tier_id":0,"_jetpack_memberships_contains_paywalled_content":false,"_jetpack_memberships_contains_paid_content":false,"footnotes":"","jetpack_publicize_message":"","jetpack_publicize_feature_enabled":true,"jetpack_social_post_already_shared":false,"jetpack_social_options":{"image_generator_settings":{"template":"highway","default_image_id":0,"font":"","enabled":false},"version":2}},"categories":[2,7,8],"tags":[30,41,68,80,113,114,115,117,130,138,149,161,170,181,203,205],"class_list":["post-1061","post","type-post","status-publish","format-standard","has-post-thumbnail","hentry","category-coses-de-les-socials","category-reportatges","category-rutes","tag-bosc","tag-catalunya","tag-excursions","tag-geografia","tag-mountain","tag-muntanya","tag-natura","tag-nuria","tag-paisatges","tag-patrimoni","tag-pirineu","tag-queralbs","tag-ripolles","tag-senderisme","tag-valldenuria","tag-vallderibes"],"jetpack_publicize_connections":[],"jetpack_featured_media_url":"https:\/\/i0.wp.com\/www.geografics.cat\/wp-content\/uploads\/2020\/07\/P1060318-scaled.jpg?fit=2048%2C1536&ssl=1","jetpack_likes_enabled":true,"jetpack_sharing_enabled":true,"jetpack-related-posts":[],"_links":{"self":[{"href":"https:\/\/www.geografics.cat\/index.php?rest_route=\/wp\/v2\/posts\/1061","targetHints":{"allow":["GET"]}}],"collection":[{"href":"https:\/\/www.geografics.cat\/index.php?rest_route=\/wp\/v2\/posts"}],"about":[{"href":"https:\/\/www.geografics.cat\/index.php?rest_route=\/wp\/v2\/types\/post"}],"author":[{"embeddable":true,"href":"https:\/\/www.geografics.cat\/index.php?rest_route=\/wp\/v2\/users\/1"}],"replies":[{"embeddable":true,"href":"https:\/\/www.geografics.cat\/index.php?rest_route=%2Fwp%2Fv2%2Fcomments&post=1061"}],"version-history":[{"count":0,"href":"https:\/\/www.geografics.cat\/index.php?rest_route=\/wp\/v2\/posts\/1061\/revisions"}],"wp:featuredmedia":[{"embeddable":true,"href":"https:\/\/www.geografics.cat\/index.php?rest_route=\/wp\/v2\/media\/11412"}],"wp:attachment":[{"href":"https:\/\/www.geografics.cat\/index.php?rest_route=%2Fwp%2Fv2%2Fmedia&parent=1061"}],"wp:term":[{"taxonomy":"category","embeddable":true,"href":"https:\/\/www.geografics.cat\/index.php?rest_route=%2Fwp%2Fv2%2Fcategories&post=1061"},{"taxonomy":"post_tag","embeddable":true,"href":"https:\/\/www.geografics.cat\/index.php?rest_route=%2Fwp%2Fv2%2Ftags&post=1061"}],"curies":[{"name":"wp","href":"https:\/\/api.w.org\/{rel}","templated":true}]}}