{"id":1491,"date":"2016-12-19T19:53:53","date_gmt":"2016-12-19T19:53:53","guid":{"rendered":"http:\/\/geografics.cat\/?p=1491"},"modified":"2020-07-22T07:46:18","modified_gmt":"2020-07-22T07:46:18","slug":"pujant-al-balandrau","status":"publish","type":"post","link":"https:\/\/www.geografics.cat\/?p=1491","title":{"rendered":"Pujant al Balandrau"},"content":{"rendered":"<p>Excursi\u00f3 al Balandrau des de Tregur\u00e0. Magn\u00edfic dia de sol i neu a la Vall de Camprodon, caminant pels senders de la Font Lletera \u00a0(18-12-16)<\/p>\n<p><a href=\"https:\/\/goo.gl\/photos\/FJNhKUxVN41y3RJBA\" target=\"_blank\" rel=\"noopener noreferrer\">Enlla\u00e7 a l&#8217;\u00e0lbum de fotos<\/a><\/p>\n\n\n<p><\/p>\n","protected":false},"excerpt":{"rendered":"<p>Excursi\u00f3 al Balandrau des de Tregur\u00e0.<\/p>\n","protected":false},"author":1,"featured_media":11281,"comment_status":"open","ping_status":"open","sticky":false,"template":"","format":"standard","meta":{"_monsterinsights_skip_tracking":false,"_monsterinsights_sitenote_active":false,"_monsterinsights_sitenote_note":"","_monsterinsights_sitenote_category":0,"jetpack_post_was_ever_published":false,"_jetpack_newsletter_access":"","_jetpack_dont_email_post_to_subs":false,"_jetpack_newsletter_tier_id":0,"_jetpack_memberships_contains_paywalled_content":false,"_jetpack_memberships_contains_paid_content":false,"footnotes":"","jetpack_publicize_message":"","jetpack_publicize_feature_enabled":true,"jetpack_social_post_already_shared":false,"jetpack_social_options":{"image_generator_settings":{"template":"highway","default_image_id":0,"font":"","enabled":false},"version":2}},"categories":[2,7,8],"tags":[19,21,41,58,68,71,80,113,114,115,119,182,183,195,199],"class_list":["post-1491","post","type-post","status-publish","format-standard","has-post-thumbnail","hentry","category-coses-de-les-socials","category-reportatges","category-rutes","tag-balandrau","tag-bastiments","tag-catalunya","tag-educacio","tag-excursions","tag-font-lletera","tag-geografia","tag-mountain","tag-muntanya","tag-natura","tag-neu","tag-senders","tag-setcases","tag-vall-de-camprodon","tag-vall-ter"],"jetpack_publicize_connections":[],"jetpack_featured_media_url":"https:\/\/i0.wp.com\/www.geografics.cat\/wp-content\/uploads\/2020\/07\/NBCwslzKRBWYBnusvDWiCg_thumb_2f42.jpg?fit=1127%2C697&ssl=1","jetpack_likes_enabled":true,"jetpack_sharing_enabled":true,"jetpack-related-posts":[],"_links":{"self":[{"href":"https:\/\/www.geografics.cat\/index.php?rest_route=\/wp\/v2\/posts\/1491","targetHints":{"allow":["GET"]}}],"collection":[{"href":"https:\/\/www.geografics.cat\/index.php?rest_route=\/wp\/v2\/posts"}],"about":[{"href":"https:\/\/www.geografics.cat\/index.php?rest_route=\/wp\/v2\/types\/post"}],"author":[{"embeddable":true,"href":"https:\/\/www.geografics.cat\/index.php?rest_route=\/wp\/v2\/users\/1"}],"replies":[{"embeddable":true,"href":"https:\/\/www.geografics.cat\/index.php?rest_route=%2Fwp%2Fv2%2Fcomments&post=1491"}],"version-history":[{"count":0,"href":"https:\/\/www.geografics.cat\/index.php?rest_route=\/wp\/v2\/posts\/1491\/revisions"}],"wp:featuredmedia":[{"embeddable":true,"href":"https:\/\/www.geografics.cat\/index.php?rest_route=\/wp\/v2\/media\/11281"}],"wp:attachment":[{"href":"https:\/\/www.geografics.cat\/index.php?rest_route=%2Fwp%2Fv2%2Fmedia&parent=1491"}],"wp:term":[{"taxonomy":"category","embeddable":true,"href":"https:\/\/www.geografics.cat\/index.php?rest_route=%2Fwp%2Fv2%2Fcategories&post=1491"},{"taxonomy":"post_tag","embeddable":true,"href":"https:\/\/www.geografics.cat\/index.php?rest_route=%2Fwp%2Fv2%2Ftags&post=1491"}],"curies":[{"name":"wp","href":"https:\/\/api.w.org\/{rel}","templated":true}]}}