{"id":18718,"date":"2020-08-20T15:57:19","date_gmt":"2020-08-20T15:57:19","guid":{"rendered":"http:\/\/www.geografics.cat\/?p=18718"},"modified":"2024-04-06T11:31:42","modified_gmt":"2024-04-06T11:31:42","slug":"al-puigmal","status":"publish","type":"post","link":"https:\/\/www.geografics.cat\/?p=18718","title":{"rendered":"Al Puigmal"},"content":{"rendered":"\n<p>Preciosa ruta circular al Puigmal, que destaca per les seves panor\u00e0miques i la visibilitat del trajecte. Des del Coll de les Barraques, seguint la senyalitzaci\u00f3, arribem al Pas dels Lladres, des d&#8217;on tenim unes bones vistes de la Cerdanya, el Pedraforca i la Serra del Cad\u00ed&#8230; Seguim a prop dels remuntadors de les pistes d&#8217;esqu\u00ed, i fem el darrer tram cap al cim del Puigmal.<\/p>\n\n\n\n<p>De tornada, agafem el cam\u00ed a Fontalba. Abans d&#8217;arribar on estan aparcats els cotxes, a m\u00e0 dreta, trobem les marques del GR que ens porten fins a la Font de l&#8217;Home Mort. Un cop all\u00e0, ja queda un \u00faltim esfor\u00e7 fins al Coll de les Barraques! Una gran excursi\u00f3 circular al Puigmal!! <\/p>\n\n\n\n<p>Gaudeix de l&#8217;\u00e0lbum de fotos de la sortida feta el 19.8.20. <\/p>\n\n\n\n<p><a rel=\"noreferrer noopener\" href=\"https:\/\/photos.app.goo.gl\/wGs5PcEtt8vgDjhQ8\" target=\"_blank\">Enlla\u00e7 a les fotos<\/a>.  <a rel=\"noreferrer noopener\" href=\"https:\/\/ca.wikiloc.com\/rutes-senderisme\/coll-barraques-puigmal-fontaltba-font-home-mort-coll-barraques-55060770#\" target=\"_blank\">Enlla\u00e7 a la ruta wikiloc<\/a>.<\/p>\n\n\n\n<p><\/p>\n\n\n\n<p><\/p>\n","protected":false},"excerpt":{"rendered":"<p>Preciosa ruta circular al Puigmal, que<\/p>\n","protected":false},"author":1,"featured_media":18726,"comment_status":"open","ping_status":"open","sticky":false,"template":"","format":"standard","meta":{"_monsterinsights_skip_tracking":false,"_monsterinsights_sitenote_active":false,"_monsterinsights_sitenote_note":"","_monsterinsights_sitenote_category":0,"jetpack_post_was_ever_published":false,"_jetpack_newsletter_access":"","_jetpack_dont_email_post_to_subs":false,"_jetpack_newsletter_tier_id":0,"_jetpack_memberships_contains_paywalled_content":false,"_jetpack_memberships_contains_paid_content":false,"footnotes":"","jetpack_publicize_message":"","jetpack_publicize_feature_enabled":true,"jetpack_social_post_already_shared":true,"jetpack_social_options":{"image_generator_settings":{"template":"highway","default_image_id":0,"font":"","enabled":false},"version":2}},"categories":[4,7,8],"tags":[275,281,72,84,153,156,282,198],"class_list":["post-18718","post","type-post","status-publish","format-standard","has-post-thumbnail","hentry","category-excursions","category-reportatges","category-rutes","tag-coll-de-les-barraques","tag-font-home-mort","tag-fontalba","tag-gr-11","tag-planoles","tag-puigmal","tag-ruta-circular","tag-vall-de-ribes"],"jetpack_publicize_connections":[],"jetpack_featured_media_url":"https:\/\/i0.wp.com\/www.geografics.cat\/wp-content\/uploads\/2020\/08\/EAF0A3C2-AF61-4910-890C-FDC303C03857-scaled.jpeg?fit=2048%2C1536&ssl=1","jetpack_likes_enabled":true,"jetpack_sharing_enabled":true,"jetpack-related-posts":[],"_links":{"self":[{"href":"https:\/\/www.geografics.cat\/index.php?rest_route=\/wp\/v2\/posts\/18718","targetHints":{"allow":["GET"]}}],"collection":[{"href":"https:\/\/www.geografics.cat\/index.php?rest_route=\/wp\/v2\/posts"}],"about":[{"href":"https:\/\/www.geografics.cat\/index.php?rest_route=\/wp\/v2\/types\/post"}],"author":[{"embeddable":true,"href":"https:\/\/www.geografics.cat\/index.php?rest_route=\/wp\/v2\/users\/1"}],"replies":[{"embeddable":true,"href":"https:\/\/www.geografics.cat\/index.php?rest_route=%2Fwp%2Fv2%2Fcomments&post=18718"}],"version-history":[{"count":0,"href":"https:\/\/www.geografics.cat\/index.php?rest_route=\/wp\/v2\/posts\/18718\/revisions"}],"wp:featuredmedia":[{"embeddable":true,"href":"https:\/\/www.geografics.cat\/index.php?rest_route=\/wp\/v2\/media\/18726"}],"wp:attachment":[{"href":"https:\/\/www.geografics.cat\/index.php?rest_route=%2Fwp%2Fv2%2Fmedia&parent=18718"}],"wp:term":[{"taxonomy":"category","embeddable":true,"href":"https:\/\/www.geografics.cat\/index.php?rest_route=%2Fwp%2Fv2%2Fcategories&post=18718"},{"taxonomy":"post_tag","embeddable":true,"href":"https:\/\/www.geografics.cat\/index.php?rest_route=%2Fwp%2Fv2%2Ftags&post=18718"}],"curies":[{"name":"wp","href":"https:\/\/api.w.org\/{rel}","templated":true}]}}