{"id":2171,"date":"2017-08-29T18:08:01","date_gmt":"2017-08-29T18:08:01","guid":{"rendered":"http:\/\/geografics.cat\/?p=2171"},"modified":"2020-07-21T13:47:20","modified_gmt":"2020-07-21T13:47:20","slug":"vall-ter-nuria-queralbs","status":"publish","type":"post","link":"https:\/\/www.geografics.cat\/?p=2171","title":{"rendered":"Vall Ter &#8211; N\u00faria &#8211; Queralbs"},"content":{"rendered":"<p>Travessa de Vall Ter a Queralbs, passant per la Coma de Vaca, cam\u00ed dels enginyers i N\u00faria. Bona excursi\u00f3 sense gaires dificultats (nom\u00e9s alguns trams aeris del cam\u00ed dels enginyers).<br \/>\nDestaquem les bones vistes de la Vall de Ribes i noves visuals de la Vall de N\u00faria. <a href=\"https:\/\/photos.app.goo.gl\/HQEW14P5YZ9192s2A\" target=\"_blank\" rel=\"noopener noreferrer\">\u00c0lbum de fotos a l&#8217;enlla\u00e7<\/a><\/p>\n","protected":false},"excerpt":{"rendered":"<p>Travessa de Vall Ter a Queralbs,<\/p>\n","protected":false},"author":1,"featured_media":11101,"comment_status":"open","ping_status":"open","sticky":false,"template":"","format":"standard","meta":{"_monsterinsights_skip_tracking":false,"_monsterinsights_sitenote_active":false,"_monsterinsights_sitenote_note":"","_monsterinsights_sitenote_category":0,"jetpack_post_was_ever_published":false,"_jetpack_newsletter_access":"","_jetpack_dont_email_post_to_subs":false,"_jetpack_newsletter_tier_id":0,"_jetpack_memberships_contains_paywalled_content":false,"_jetpack_memberships_contains_paid_content":false,"footnotes":"","jetpack_publicize_message":"","jetpack_publicize_feature_enabled":true,"jetpack_social_post_already_shared":false,"jetpack_social_options":{"image_generator_settings":{"template":"highway","default_image_id":0,"font":"","enabled":false},"version":2}},"categories":[4,6,7,8],"tags":[41,52,68,80,81,113,114,115,170,191,199,203,205],"class_list":["post-2171","post","type-post","status-publish","format-standard","has-post-thumbnail","hentry","category-excursions","category-mirant-el-cel","category-reportatges","category-rutes","tag-catalunya","tag-coma-de-vaca","tag-excursions","tag-geografia","tag-girona","tag-mountain","tag-muntanya","tag-natura","tag-ripolles","tag-trescar","tag-vall-ter","tag-valldenuria","tag-vallderibes"],"jetpack_publicize_connections":[],"jetpack_featured_media_url":"https:\/\/i0.wp.com\/www.geografics.cat\/wp-content\/uploads\/2020\/07\/P1090101-scaled.jpg?fit=2048%2C1536&ssl=1","jetpack_likes_enabled":true,"jetpack_sharing_enabled":true,"jetpack-related-posts":[],"_links":{"self":[{"href":"https:\/\/www.geografics.cat\/index.php?rest_route=\/wp\/v2\/posts\/2171","targetHints":{"allow":["GET"]}}],"collection":[{"href":"https:\/\/www.geografics.cat\/index.php?rest_route=\/wp\/v2\/posts"}],"about":[{"href":"https:\/\/www.geografics.cat\/index.php?rest_route=\/wp\/v2\/types\/post"}],"author":[{"embeddable":true,"href":"https:\/\/www.geografics.cat\/index.php?rest_route=\/wp\/v2\/users\/1"}],"replies":[{"embeddable":true,"href":"https:\/\/www.geografics.cat\/index.php?rest_route=%2Fwp%2Fv2%2Fcomments&post=2171"}],"version-history":[{"count":0,"href":"https:\/\/www.geografics.cat\/index.php?rest_route=\/wp\/v2\/posts\/2171\/revisions"}],"wp:featuredmedia":[{"embeddable":true,"href":"https:\/\/www.geografics.cat\/index.php?rest_route=\/wp\/v2\/media\/11101"}],"wp:attachment":[{"href":"https:\/\/www.geografics.cat\/index.php?rest_route=%2Fwp%2Fv2%2Fmedia&parent=2171"}],"wp:term":[{"taxonomy":"category","embeddable":true,"href":"https:\/\/www.geografics.cat\/index.php?rest_route=%2Fwp%2Fv2%2Fcategories&post=2171"},{"taxonomy":"post_tag","embeddable":true,"href":"https:\/\/www.geografics.cat\/index.php?rest_route=%2Fwp%2Fv2%2Ftags&post=2171"}],"curies":[{"name":"wp","href":"https:\/\/api.w.org\/{rel}","templated":true}]}}