{"id":2852,"date":"2018-08-24T10:36:41","date_gmt":"2018-08-24T10:36:41","guid":{"rendered":"http:\/\/geografics.cat\/?p=2852"},"modified":"2021-05-08T10:38:23","modified_gmt":"2021-05-08T10:38:23","slug":"caminant-per-aiguestortes","status":"publish","type":"post","link":"https:\/\/www.geografics.cat\/?p=2852","title":{"rendered":"Caminant per Aig\u00fcestortes"},"content":{"rendered":"\n<p>Reportatge fotogr\u00e0fic de l&#8217;excursi\u00f3 des de l&#8217;Estany de Cavallers a l&#8217;Estany Negre, a la Vall de Bo\u00ed.<\/p>\n\n\n\n<p>Veure \u00e0lbum de fotos <a href=\"https:\/\/photos.app.goo.gl\/188aRkkRNxvx6Nd9A\" target=\"_blank\" rel=\"noreferrer noopener\">aqu\u00ed<\/a><\/p>\n\n\n\n<p><\/p>\n","protected":false},"excerpt":{"rendered":"<p>Reportatge fotogr\u00e0fic de l&#8217;excursi\u00f3 des de<\/p>\n","protected":false},"author":1,"featured_media":5906,"comment_status":"open","ping_status":"open","sticky":false,"template":"","format":"standard","meta":{"_monsterinsights_skip_tracking":false,"_monsterinsights_sitenote_active":false,"_monsterinsights_sitenote_note":"","_monsterinsights_sitenote_category":0,"jetpack_post_was_ever_published":false,"_jetpack_newsletter_access":"","_jetpack_dont_email_post_to_subs":false,"_jetpack_newsletter_tier_id":0,"_jetpack_memberships_contains_paywalled_content":false,"_jetpack_memberships_contains_paid_content":false,"footnotes":"","jetpack_publicize_message":"","jetpack_publicize_feature_enabled":true,"jetpack_social_post_already_shared":false,"jetpack_social_options":{"image_generator_settings":{"template":"highway","default_image_id":0,"font":"","enabled":false},"version":2}},"categories":[6,7,8],"tags":[11,41,50,68,80,113,114,115,132,136,138,165,166,286,174,181,182,202],"class_list":["post-2852","post","type-post","status-publish","format-standard","has-post-thumbnail","hentry","category-mirant-el-cel","category-reportatges","category-rutes","tag-aiguestortes","tag-catalunya","tag-clouds","tag-excursions","tag-geografia","tag-mountain","tag-muntanya","tag-natura","tag-parc-nacional","tag-parcs-de-catalunya","tag-patrimoni","tag-refugis","tag-reserva","tag-romanic-2","tag-romaniccatala","tag-senderisme","tag-senders","tag-valldeboi"],"jetpack_publicize_connections":[],"jetpack_featured_media_url":"https:\/\/i0.wp.com\/www.geografics.cat\/wp-content\/uploads\/2018\/08\/P1110339.jpg?fit=2048%2C1536&ssl=1","jetpack_likes_enabled":true,"jetpack_sharing_enabled":true,"jetpack-related-posts":[],"_links":{"self":[{"href":"https:\/\/www.geografics.cat\/index.php?rest_route=\/wp\/v2\/posts\/2852","targetHints":{"allow":["GET"]}}],"collection":[{"href":"https:\/\/www.geografics.cat\/index.php?rest_route=\/wp\/v2\/posts"}],"about":[{"href":"https:\/\/www.geografics.cat\/index.php?rest_route=\/wp\/v2\/types\/post"}],"author":[{"embeddable":true,"href":"https:\/\/www.geografics.cat\/index.php?rest_route=\/wp\/v2\/users\/1"}],"replies":[{"embeddable":true,"href":"https:\/\/www.geografics.cat\/index.php?rest_route=%2Fwp%2Fv2%2Fcomments&post=2852"}],"version-history":[{"count":0,"href":"https:\/\/www.geografics.cat\/index.php?rest_route=\/wp\/v2\/posts\/2852\/revisions"}],"wp:featuredmedia":[{"embeddable":true,"href":"https:\/\/www.geografics.cat\/index.php?rest_route=\/wp\/v2\/media\/5906"}],"wp:attachment":[{"href":"https:\/\/www.geografics.cat\/index.php?rest_route=%2Fwp%2Fv2%2Fmedia&parent=2852"}],"wp:term":[{"taxonomy":"category","embeddable":true,"href":"https:\/\/www.geografics.cat\/index.php?rest_route=%2Fwp%2Fv2%2Fcategories&post=2852"},{"taxonomy":"post_tag","embeddable":true,"href":"https:\/\/www.geografics.cat\/index.php?rest_route=%2Fwp%2Fv2%2Ftags&post=2852"}],"curies":[{"name":"wp","href":"https:\/\/api.w.org\/{rel}","templated":true}]}}