{"id":33074,"date":"2020-11-14T16:17:02","date_gmt":"2020-11-14T16:17:02","guid":{"rendered":"http:\/\/www.geografics.cat\/?p=33074"},"modified":"2020-11-14T16:49:01","modified_gmt":"2020-11-14T16:49:01","slug":"gaudim-de-la-tardor","status":"publish","type":"post","link":"https:\/\/www.geografics.cat\/?p=33074","title":{"rendered":"Gaudim de la tardor"},"content":{"rendered":"\n<p>Aquest any 2020 \u00e9s molt complex. Fa molt que no feina una entrada nova al web&#8230; Ens toca no moure&#8217;ns molt, i ja no podem fer les sortides que abans feiem&#8230; Amb l&#8217;esperan\u00e7a de que aviat podrem tornar a gaudir de les sortides, us comparteixo un petit v\u00eddeo amb algunes imatges de l&#8217;estada a A\u00f1isclo, ara fa un any. Ara ens toca estar quiets, pendent dels nostres i de la gent que ho est\u00e0 passant malament. Espero que aquests colors de tardor ajudin una mica a al\u00e7ar la mirada i els \u00e0nims.<\/p>\n\n\n\n<p><a href=\"https:\/\/youtu.be\/MjFvVr_oduI\" data-type=\"URL\" data-id=\"https:\/\/youtu.be\/MjFvVr_oduI\" target=\"_blank\" rel=\"noreferrer noopener\">Entra i veu el video<\/a><\/p>\n","protected":false},"excerpt":{"rendered":"<p>Aquest any 2020 \u00e9s molt complex.<\/p>\n","protected":false},"author":1,"featured_media":33077,"comment_status":"open","ping_status":"open","sticky":false,"template":"","format":"standard","meta":{"_monsterinsights_skip_tracking":false,"_monsterinsights_sitenote_active":false,"_monsterinsights_sitenote_note":"","_monsterinsights_sitenote_category":0,"jetpack_post_was_ever_published":false,"_jetpack_newsletter_access":"","_jetpack_dont_email_post_to_subs":false,"_jetpack_newsletter_tier_id":0,"_jetpack_memberships_contains_paywalled_content":false,"_jetpack_memberships_contains_paid_content":false,"footnotes":"","jetpack_publicize_message":"","jetpack_publicize_feature_enabled":true,"jetpack_social_post_already_shared":true,"jetpack_social_options":{"image_generator_settings":{"template":"highway","default_image_id":0,"font":"","enabled":false},"version":2}},"categories":[4,7,8],"tags":[10,115,121,122,181,186,283],"class_list":["post-33074","post","type-post","status-publish","format-standard","has-post-thumbnail","hentry","category-excursions","category-reportatges","category-rutes","tag-anisclo","tag-natura","tag-ordesa","tag-ordesa-y-monte-perdido","tag-senderisme","tag-tardor","tag-youtube"],"jetpack_publicize_connections":[],"jetpack_featured_media_url":"https:\/\/i0.wp.com\/www.geografics.cat\/wp-content\/uploads\/2020\/11\/Captura-de-Pantalla-2020-11-14-a-les-17.08.26-scaled.jpeg?fit=2048%2C1092&ssl=1","jetpack_likes_enabled":true,"jetpack_sharing_enabled":true,"jetpack-related-posts":[],"_links":{"self":[{"href":"https:\/\/www.geografics.cat\/index.php?rest_route=\/wp\/v2\/posts\/33074","targetHints":{"allow":["GET"]}}],"collection":[{"href":"https:\/\/www.geografics.cat\/index.php?rest_route=\/wp\/v2\/posts"}],"about":[{"href":"https:\/\/www.geografics.cat\/index.php?rest_route=\/wp\/v2\/types\/post"}],"author":[{"embeddable":true,"href":"https:\/\/www.geografics.cat\/index.php?rest_route=\/wp\/v2\/users\/1"}],"replies":[{"embeddable":true,"href":"https:\/\/www.geografics.cat\/index.php?rest_route=%2Fwp%2Fv2%2Fcomments&post=33074"}],"version-history":[{"count":0,"href":"https:\/\/www.geografics.cat\/index.php?rest_route=\/wp\/v2\/posts\/33074\/revisions"}],"wp:featuredmedia":[{"embeddable":true,"href":"https:\/\/www.geografics.cat\/index.php?rest_route=\/wp\/v2\/media\/33077"}],"wp:attachment":[{"href":"https:\/\/www.geografics.cat\/index.php?rest_route=%2Fwp%2Fv2%2Fmedia&parent=33074"}],"wp:term":[{"taxonomy":"category","embeddable":true,"href":"https:\/\/www.geografics.cat\/index.php?rest_route=%2Fwp%2Fv2%2Fcategories&post=33074"},{"taxonomy":"post_tag","embeddable":true,"href":"https:\/\/www.geografics.cat\/index.php?rest_route=%2Fwp%2Fv2%2Ftags&post=33074"}],"curies":[{"name":"wp","href":"https:\/\/api.w.org\/{rel}","templated":true}]}}