{"id":47368,"date":"2021-04-05T11:17:41","date_gmt":"2021-04-05T11:17:41","guid":{"rendered":"http:\/\/www.geografics.cat\/?p=47368"},"modified":"2021-04-05T11:53:54","modified_gmt":"2021-04-05T11:53:54","slug":"el-balandrau","status":"publish","type":"post","link":"https:\/\/www.geografics.cat\/?p=47368","title":{"rendered":"El Balandrau!"},"content":{"rendered":"\n<p>Despr\u00e9s de molts mesos sense poder trepitjar els Pirineus, us comparteixo l&#8217;excursi\u00f3 al Balandrau (2585m) feta des de la pista de Tregur\u00e0, sense cap problema. Veureu que hi ha molt poca neu i gel. <\/p>\n\n\n\n<p>Situat a la serra que separa les valls de Ribes i Camprodon, des del Balandrau, tal com un mirador, permet apreciar clarament el Puigmal, la Coma del Torreneules,  la Coma de Vaca, el Pic de l&#8217;Infern, el Bastiments&#8230; <\/p>\n\n\n\n<p>Tamb\u00e9 afegeixo un breu reportatge fotogr\u00e0fic del tast a la Vall de Camprodon, uns racons plens d&#8217;hist\u00f2ria.<\/p>\n\n\n\n<p><a href=\"https:\/\/photos.app.goo.gl\/zdGPsKZiWCDxyr8C9\" data-type=\"URL\" data-id=\"https:\/\/photos.app.goo.gl\/zdGPsKZiWCDxyr8C9\">Enlla\u00e7 a les fotos<\/a><\/p>\n","protected":false},"excerpt":{"rendered":"<p>Despr\u00e9s de molts mesos sense poder<\/p>\n","protected":false},"author":1,"featured_media":47372,"comment_status":"open","ping_status":"open","sticky":false,"template":"","format":"standard","meta":{"_monsterinsights_skip_tracking":false,"_monsterinsights_sitenote_active":false,"_monsterinsights_sitenote_note":"","_monsterinsights_sitenote_category":0,"jetpack_post_was_ever_published":false,"_jetpack_newsletter_access":"","_jetpack_dont_email_post_to_subs":false,"_jetpack_newsletter_tier_id":0,"_jetpack_memberships_contains_paywalled_content":false,"_jetpack_memberships_contains_paid_content":false,"footnotes":"","jetpack_publicize_message":"","jetpack_publicize_feature_enabled":true,"jetpack_social_post_already_shared":true,"jetpack_social_options":{"image_generator_settings":{"template":"highway","default_image_id":0,"font":"","enabled":false},"version":2}},"categories":[7],"tags":[19,231,52,114,285,183,195,199,284,207],"class_list":["post-47368","post","type-post","status-publish","format-standard","has-post-thumbnail","hentry","category-reportatges","tag-balandrau","tag-camprodon","tag-coma-de-vaca","tag-muntanya","tag-sant-joan-de-les-abadesses","tag-setcases","tag-vall-de-camprodon","tag-vall-ter","tag-valldecamprodon","tag-vallter"],"jetpack_publicize_connections":[],"jetpack_featured_media_url":"https:\/\/i0.wp.com\/www.geografics.cat\/wp-content\/uploads\/2021\/04\/P1170516-scaled.jpg?fit=2048%2C1536&ssl=1","jetpack_likes_enabled":true,"jetpack_sharing_enabled":true,"jetpack-related-posts":[],"_links":{"self":[{"href":"https:\/\/www.geografics.cat\/index.php?rest_route=\/wp\/v2\/posts\/47368","targetHints":{"allow":["GET"]}}],"collection":[{"href":"https:\/\/www.geografics.cat\/index.php?rest_route=\/wp\/v2\/posts"}],"about":[{"href":"https:\/\/www.geografics.cat\/index.php?rest_route=\/wp\/v2\/types\/post"}],"author":[{"embeddable":true,"href":"https:\/\/www.geografics.cat\/index.php?rest_route=\/wp\/v2\/users\/1"}],"replies":[{"embeddable":true,"href":"https:\/\/www.geografics.cat\/index.php?rest_route=%2Fwp%2Fv2%2Fcomments&post=47368"}],"version-history":[{"count":0,"href":"https:\/\/www.geografics.cat\/index.php?rest_route=\/wp\/v2\/posts\/47368\/revisions"}],"wp:featuredmedia":[{"embeddable":true,"href":"https:\/\/www.geografics.cat\/index.php?rest_route=\/wp\/v2\/media\/47372"}],"wp:attachment":[{"href":"https:\/\/www.geografics.cat\/index.php?rest_route=%2Fwp%2Fv2%2Fmedia&parent=47368"}],"wp:term":[{"taxonomy":"category","embeddable":true,"href":"https:\/\/www.geografics.cat\/index.php?rest_route=%2Fwp%2Fv2%2Fcategories&post=47368"},{"taxonomy":"post_tag","embeddable":true,"href":"https:\/\/www.geografics.cat\/index.php?rest_route=%2Fwp%2Fv2%2Ftags&post=47368"}],"curies":[{"name":"wp","href":"https:\/\/api.w.org\/{rel}","templated":true}]}}