{"id":53114,"date":"2021-08-13T09:39:13","date_gmt":"2021-08-13T09:39:13","guid":{"rendered":"https:\/\/www.geografics.cat\/?p=53114"},"modified":"2021-08-16T11:32:28","modified_gmt":"2021-08-16T11:32:28","slug":"travessa-nuria-vall-ter","status":"publish","type":"post","link":"https:\/\/www.geografics.cat\/?p=53114","title":{"rendered":"Travessa N\u00faria &#8211; Vall Ter"},"content":{"rendered":"\n<p>Bonica i tradicional travessa N\u00faria &#8211; Vall Ter, on podem gaudir de grans panor\u00e0miques, bones vistes dels diferents camins i opcions de rutes que es poden fer pel <a rel=\"noreferrer noopener\" href=\"http:\/\/parcsnaturals.gencat.cat\/ca\/xarxa-de-parcs\/ter-freser\/inici\/index.html\" data-type=\"URL\" data-id=\"http:\/\/parcsnaturals.gencat.cat\/ca\/xarxa-de-parcs\/ter-freser\/inici\/index.html\" target=\"_blank\">Parc Natural de les Cap\u00e7aleres del Ter i del Freser<\/a>.<\/p>\n\n\n\n<p>Sortim des del Santuari de N\u00faria, pel GR-11, cap al <a rel=\"noreferrer noopener\" href=\"https:\/\/ca.wikipedia.org\/wiki\/Coll_de_Noucreus\" data-type=\"URL\" data-id=\"https:\/\/ca.wikipedia.org\/wiki\/Coll_de_Noucreus\" target=\"_blank\">Coll del Nou Creus<\/a>, des d&#8217;all\u00e0, passem a tocar del Pic de la Fossa del Gegant, seguint pel Coll de Caran\u00e7a (a m\u00e0 esquerra ens queden l&#8217;estany Blau i l&#8217;estany Negre de Caran\u00e7\u00e0, i a m\u00e0 dreta el riu de la Coma de Vaca, Torreneules&#8230;). <\/p>\n\n\n\n<p>Continuem pel coll de Tirapits, fins a la  Cabana de Tirapits. Un cop all\u00e0, per tal de fer carena, agafem el cam\u00ed cap al <a rel=\"noreferrer noopener\" href=\"https:\/\/ca.wikipedia.org\/wiki\/Pic_de_l%27Infern\" data-type=\"URL\" data-id=\"https:\/\/ca.wikipedia.org\/wiki\/Pic_de_l%27Infern\" target=\"_blank\">Pic de l&#8217;Infern<\/a> (2.869 m.). Seguim cap al <a rel=\"noreferrer noopener\" href=\"https:\/\/ca.wikipedia.org\/wiki\/Pic_de_Bastiments\" data-type=\"URL\" data-id=\"https:\/\/ca.wikipedia.org\/wiki\/Pic_de_Bastiments\" target=\"_blank\">Bastiments<\/a> (2.881 m.), amb unes grans vistes de la Coma del Freser. Tot seguit anem direcci\u00f3 el <a rel=\"noreferrer noopener\" href=\"https:\/\/ca.wikipedia.org\/wiki\/Pic_de_la_Dona\" data-type=\"URL\" data-id=\"https:\/\/ca.wikipedia.org\/wiki\/Pic_de_la_Dona\" target=\"_blank\">Pic de la Dona<\/a>, passant pel Coll de Mantet fins arribar a l&#8217;estaci\u00f3 de <a rel=\"noreferrer noopener\" href=\"https:\/\/ca.wikipedia.org\/wiki\/Vallter_2000\" data-type=\"URL\" data-id=\"https:\/\/ca.wikipedia.org\/wiki\/Vallter_2000\" target=\"_blank\">vallter 2000<\/a>, punt final de la nostra excursi\u00f3.<\/p>\n\n\n\n<p>A continuaci\u00f3 us comparteixo l&#8217;<a rel=\"noreferrer noopener\" href=\"https:\/\/photos.app.goo.gl\/FAvs35sXr94fxj9q9\" data-type=\"URL\" data-id=\"https:\/\/photos.app.goo.gl\/FAvs35sXr94fxj9q9\" target=\"_blank\">\u00e0lbum fotogr\u00e0fic<\/a> de l&#8217;excursi\u00f3 (feta l&#8217;11 d&#8217;agost del 2021), i la seva ruta a <a rel=\"noreferrer noopener\" href=\"https:\/\/ca.wikiloc.com\/rutes-senderisme\/travessa-nuria-vall-ter-80732588#lb-embed\" data-type=\"URL\" data-id=\"https:\/\/ca.wikiloc.com\/rutes-senderisme\/travessa-nuria-vall-ter-80732588#lb-embed\" target=\"_blank\">wikiloc<\/a><\/p>\n\n\n\n<iframe loading=\"lazy\" frameborder=\"0\" scrolling=\"no\" src=\"https:\/\/ca.wikiloc.com\/wikiloc\/spatialArtifacts.do?event=view&amp;id=80732588&amp;measures=on&amp;title=on&amp;near=on&amp;images=off&amp;maptype=H\" width=\"500\" height=\"400\"><\/iframe><div style=\"color:#777;font-size:11px;line-height:16px;\">Powered by <a style=\"color:#06d;font-size:11px;line-height:16px;\" target=\"_blank\" href=\"https:\/\/ca.wikiloc.com\" rel=\"noopener\">Wikiloc<\/a><\/div>\n","protected":false},"excerpt":{"rendered":"<p>Bonica i tradicional travessa N\u00faria &#8211;<\/p>\n","protected":false},"author":1,"featured_media":53271,"comment_status":"open","ping_status":"open","sticky":false,"template":"","format":"standard","meta":{"_monsterinsights_skip_tracking":false,"_monsterinsights_sitenote_active":false,"_monsterinsights_sitenote_note":"","_monsterinsights_sitenote_category":0,"jetpack_post_was_ever_published":false,"_jetpack_newsletter_access":"","_jetpack_dont_email_post_to_subs":false,"_jetpack_newsletter_tier_id":0,"_jetpack_memberships_contains_paywalled_content":false,"_jetpack_memberships_contains_paid_content":false,"footnotes":"","jetpack_publicize_message":"","jetpack_publicize_feature_enabled":true,"jetpack_social_post_already_shared":true,"jetpack_social_options":{"image_generator_settings":{"template":"highway","default_image_id":0,"font":"","enabled":false},"version":2}},"categories":[4,7,8],"tags":[21,84,280,296,142,150,230,181,297,195,197,198,199,203],"class_list":["post-53114","post","type-post","status-publish","format-standard","has-post-thumbnail","hentry","category-excursions","category-reportatges","category-rutes","tag-bastiments","tag-gr-11","tag-nou-creus","tag-pic-de-linfern","tag-pic-de-la-dona","tag-pirineus","tag-pirineus-catalans","tag-senderisme","tag-travessa","tag-vall-de-camprodon","tag-vall-de-nuria","tag-vall-de-ribes","tag-vall-ter","tag-valldenuria"],"jetpack_publicize_connections":[],"jetpack_featured_media_url":"https:\/\/i0.wp.com\/www.geografics.cat\/wp-content\/uploads\/2021\/08\/P1170827-scaled.jpg?fit=2560%2C1920&ssl=1","jetpack_likes_enabled":true,"jetpack_sharing_enabled":true,"jetpack-related-posts":[],"_links":{"self":[{"href":"https:\/\/www.geografics.cat\/index.php?rest_route=\/wp\/v2\/posts\/53114","targetHints":{"allow":["GET"]}}],"collection":[{"href":"https:\/\/www.geografics.cat\/index.php?rest_route=\/wp\/v2\/posts"}],"about":[{"href":"https:\/\/www.geografics.cat\/index.php?rest_route=\/wp\/v2\/types\/post"}],"author":[{"embeddable":true,"href":"https:\/\/www.geografics.cat\/index.php?rest_route=\/wp\/v2\/users\/1"}],"replies":[{"embeddable":true,"href":"https:\/\/www.geografics.cat\/index.php?rest_route=%2Fwp%2Fv2%2Fcomments&post=53114"}],"version-history":[{"count":0,"href":"https:\/\/www.geografics.cat\/index.php?rest_route=\/wp\/v2\/posts\/53114\/revisions"}],"wp:featuredmedia":[{"embeddable":true,"href":"https:\/\/www.geografics.cat\/index.php?rest_route=\/wp\/v2\/media\/53271"}],"wp:attachment":[{"href":"https:\/\/www.geografics.cat\/index.php?rest_route=%2Fwp%2Fv2%2Fmedia&parent=53114"}],"wp:term":[{"taxonomy":"category","embeddable":true,"href":"https:\/\/www.geografics.cat\/index.php?rest_route=%2Fwp%2Fv2%2Fcategories&post=53114"},{"taxonomy":"post_tag","embeddable":true,"href":"https:\/\/www.geografics.cat\/index.php?rest_route=%2Fwp%2Fv2%2Ftags&post=53114"}],"curies":[{"name":"wp","href":"https:\/\/api.w.org\/{rel}","templated":true}]}}