{"id":53382,"date":"2021-08-21T09:38:54","date_gmt":"2021-08-21T09:38:54","guid":{"rendered":"https:\/\/www.geografics.cat\/?p=53382"},"modified":"2021-08-21T09:38:58","modified_gmt":"2021-08-21T09:38:58","slug":"travessa-nuria-caranca","status":"publish","type":"post","link":"https:\/\/www.geografics.cat\/?p=53382","title":{"rendered":"Travessa N\u00faria &#8211; Caran\u00e7\u00e0"},"content":{"rendered":"\n<p>Preciosa travessa<strong>\u00a0N\u00faria-Caran\u00e7\u00e0<\/strong>.\u00a0Es tracta d&#8217;una de les excursions m\u00e9s completes que podem fer al Pirineu Oriental, per la seva varietat de paisatges, amb llacs, cims, boscos, ponts i camins de vertigen, que podem gaudir durant la caminada, i que fan d&#8217;aquesta ruta una excursi\u00f3 t\u00edpica de l&#8217;excursionisme.<\/p>\n\n\n\n<p>En aquesta sortida hem fet la\u00a0ruta cl\u00e0ssica. Des de <strong>N\u00faria<\/strong> pujant al coll de\u00a0<strong>Noucreus<\/strong>\u00a0i al cim del pic de la <strong>Fossa del Gegan<\/strong>t (2.808m) resseguint sempre el\u00a0GR-11.\u00a0Tot seguit\u00a0baixa al\u00a0coll de Caran\u00e7\u00e0, on abandonarem el GR-11, on des d&#8217;on veiem l&#8217;estany Blau i l&#8217;estany Negre. Seguirem la baixada pel circ de Caran\u00e7\u00e0, una vall esquitxada de bonics estanys d\u2019alta muntanya, potser especialment bonic <strong>l&#8217;estany de Caran\u00e7\u00e0<\/strong>. Seguint el cam\u00ed arribem al <strong>refugi<\/strong> guardat de\u00a0Ras de Caran\u00e7\u00e0. \u00a0<\/p>\n\n\n\n<p>Des del refugi, i un cop passades les<strong>\u00a0passarel\u00b7les i ponts tibetans<\/strong>\u00a0que van creuant el riu Caran\u00e7\u00e0, arribem a un  tram de cam\u00ed tallat i penjat sobre els penya-segats de l\u2019engorjat, cam\u00ed conegut com a<strong>\u00a0cam\u00ed de la Cornisa<\/strong>. Cal dir que cal anar amb compte en alguns trams.<\/p>\n\n\n\n<p>Finalment arribem a <strong>T\u00f2es i Entrevalls<\/strong>, un espai amb parking i serveis diversos pels visitants. <\/p>\n\n\n\n<p>En definitiva, una fant\u00e0stica excursi\u00f3!!<\/p>\n\n\n\n<p>En el seg\u00fcnet  enlla\u00e7 trobareu fotos del recorregut (<a href=\"https:\/\/photos.app.goo.gl\/pycFGKuRqHMwd6L58\" target=\"_blank\" rel=\"noreferrer noopener\">\u00e0lbum fotogr\u00e0fic<\/a>).<\/p>\n\n\n\n<iframe loading=\"lazy\" frameBorder=\"0\" scrolling=\"no\" src=\"https:\/\/ca.wikiloc.com\/wikiloc\/spatialArtifacts.do?event=view&#038;id=81419325&#038;measures=on&#038;title=on&#038;near=on&#038;images=off&#038;maptype=H\" width=\"500\" height=\"400\"><\/iframe><div style=\"color:#777;font-size:11px;line-height:16px;\">Powered by <a style=\"color:#06d;font-size:11px;line-height:16px;\" target=\"_blank\" href=\"https:\/\/ca.wikiloc.com\" rel=\"noopener\">Wikiloc<\/a><\/div>\n","protected":false},"excerpt":{"rendered":"<p>Preciosa travessa\u00a0N\u00faria-Caran\u00e7\u00e0.\u00a0Es tracta d&#8217;una de les<\/p>\n","protected":false},"author":1,"featured_media":53383,"comment_status":"open","ping_status":"open","sticky":false,"template":"","format":"standard","meta":{"_monsterinsights_skip_tracking":false,"_monsterinsights_sitenote_active":false,"_monsterinsights_sitenote_note":"","_monsterinsights_sitenote_category":0,"jetpack_post_was_ever_published":false,"_jetpack_newsletter_access":"","_jetpack_dont_email_post_to_subs":false,"_jetpack_newsletter_tier_id":0,"_jetpack_memberships_contains_paywalled_content":false,"_jetpack_memberships_contains_paid_content":false,"footnotes":"","jetpack_publicize_message":"","jetpack_publicize_feature_enabled":true,"jetpack_social_post_already_shared":true,"jetpack_social_options":{"image_generator_settings":{"template":"highway","default_image_id":0,"font":"","enabled":false},"version":2}},"categories":[4,7,8],"tags":[298,117,149,181,297],"class_list":["post-53382","post","type-post","status-publish","format-standard","has-post-thumbnail","hentry","category-excursions","category-reportatges","category-rutes","tag-caranca","tag-nuria","tag-pirineu","tag-senderisme","tag-travessa"],"jetpack_publicize_connections":[],"jetpack_featured_media_url":"https:\/\/i0.wp.com\/www.geografics.cat\/wp-content\/uploads\/2021\/08\/P1180001-scaled.jpg?fit=2560%2C1767&ssl=1","jetpack_likes_enabled":true,"jetpack_sharing_enabled":true,"jetpack-related-posts":[],"_links":{"self":[{"href":"https:\/\/www.geografics.cat\/index.php?rest_route=\/wp\/v2\/posts\/53382","targetHints":{"allow":["GET"]}}],"collection":[{"href":"https:\/\/www.geografics.cat\/index.php?rest_route=\/wp\/v2\/posts"}],"about":[{"href":"https:\/\/www.geografics.cat\/index.php?rest_route=\/wp\/v2\/types\/post"}],"author":[{"embeddable":true,"href":"https:\/\/www.geografics.cat\/index.php?rest_route=\/wp\/v2\/users\/1"}],"replies":[{"embeddable":true,"href":"https:\/\/www.geografics.cat\/index.php?rest_route=%2Fwp%2Fv2%2Fcomments&post=53382"}],"version-history":[{"count":0,"href":"https:\/\/www.geografics.cat\/index.php?rest_route=\/wp\/v2\/posts\/53382\/revisions"}],"wp:featuredmedia":[{"embeddable":true,"href":"https:\/\/www.geografics.cat\/index.php?rest_route=\/wp\/v2\/media\/53383"}],"wp:attachment":[{"href":"https:\/\/www.geografics.cat\/index.php?rest_route=%2Fwp%2Fv2%2Fmedia&parent=53382"}],"wp:term":[{"taxonomy":"category","embeddable":true,"href":"https:\/\/www.geografics.cat\/index.php?rest_route=%2Fwp%2Fv2%2Fcategories&post=53382"},{"taxonomy":"post_tag","embeddable":true,"href":"https:\/\/www.geografics.cat\/index.php?rest_route=%2Fwp%2Fv2%2Ftags&post=53382"}],"curies":[{"name":"wp","href":"https:\/\/api.w.org\/{rel}","templated":true}]}}