{"id":58391,"date":"2022-04-05T20:34:45","date_gmt":"2022-04-05T20:34:45","guid":{"rendered":"https:\/\/www.geografics.cat\/?p=58391"},"modified":"2022-04-05T20:34:47","modified_gmt":"2022-04-05T20:34:47","slug":"de-queralbs-a-nuria","status":"publish","type":"post","link":"https:\/\/www.geografics.cat\/?p=58391","title":{"rendered":"De Queralbs a N\u00faria"},"content":{"rendered":"\n<p>Despr\u00e9s d&#8217;un temps sense sortir, he tornat als or\u00edgens a un lloc molt especial, la Vall de N\u00faria. Seguint el m\u00edtic cam\u00ed vell de Queralbs a N\u00faria he pogut tornar a gaudir del paratge ple de racons per contemplar la natura. <\/p>\n\n\n\n<p>Al seg\u00fcent reportatge fotogr\u00e0fic podreu veure les boniques vistes de la vall ben nevada. <\/p>\n\n\n\n<p>\u00c0lbum de fotos <a rel=\"noreferrer noopener\" href=\"https:\/\/photos.app.goo.gl\/N7E3QtQ55uMQXfrC7\" data-type=\"URL\" data-id=\"https:\/\/photos.app.goo.gl\/N7E3QtQ55uMQXfrC7\" target=\"_blank\">aqu\u00ed<\/a>  <\/p>\n\n\n\n<p>(sortida feta el 27 de mar\u00e7 del 2022).<\/p>\n\n\n\n<figure class=\"wp-block-image size-large\"><img data-recalc-dims=\"1\" loading=\"lazy\" decoding=\"async\" width=\"640\" height=\"480\" data-attachment-id=\"58353\" data-permalink=\"https:\/\/www.geografics.cat\/?attachment_id=58353\" data-orig-file=\"https:\/\/i0.wp.com\/www.geografics.cat\/wp-content\/uploads\/2022\/04\/B3C5F2A9-2FFA-4534-A4A6-0101F72D3A9D_1_201_a-scaled.jpg?fit=2560%2C1920&amp;ssl=1\" data-orig-size=\"2560,1920\" data-comments-opened=\"1\" data-image-meta=\"{&quot;aperture&quot;:&quot;0&quot;,&quot;credit&quot;:&quot;&quot;,&quot;camera&quot;:&quot;&quot;,&quot;caption&quot;:&quot;&quot;,&quot;created_timestamp&quot;:&quot;0&quot;,&quot;copyright&quot;:&quot;&quot;,&quot;focal_length&quot;:&quot;0&quot;,&quot;iso&quot;:&quot;0&quot;,&quot;shutter_speed&quot;:&quot;0&quot;,&quot;title&quot;:&quot;&quot;,&quot;orientation&quot;:&quot;0&quot;}\" data-image-title=\"B3C5F2A9-2FFA-4534-A4A6-0101F72D3A9D_1_201_a\" data-image-description=\"\" data-image-caption=\"\" data-medium-file=\"https:\/\/i0.wp.com\/www.geografics.cat\/wp-content\/uploads\/2022\/04\/B3C5F2A9-2FFA-4534-A4A6-0101F72D3A9D_1_201_a-scaled.jpg?fit=300%2C225&amp;ssl=1\" data-large-file=\"https:\/\/i0.wp.com\/www.geografics.cat\/wp-content\/uploads\/2022\/04\/B3C5F2A9-2FFA-4534-A4A6-0101F72D3A9D_1_201_a-scaled.jpg?fit=640%2C480&amp;ssl=1\" src=\"https:\/\/i0.wp.com\/www.geografics.cat\/wp-content\/uploads\/2022\/04\/B3C5F2A9-2FFA-4534-A4A6-0101F72D3A9D_1_201_a.jpg?resize=640%2C480&#038;ssl=1\" alt=\"\" class=\"wp-image-58353\" srcset=\"https:\/\/i0.wp.com\/www.geografics.cat\/wp-content\/uploads\/2022\/04\/B3C5F2A9-2FFA-4534-A4A6-0101F72D3A9D_1_201_a-scaled.jpg?resize=1024%2C768&amp;ssl=1 1024w, https:\/\/i0.wp.com\/www.geografics.cat\/wp-content\/uploads\/2022\/04\/B3C5F2A9-2FFA-4534-A4A6-0101F72D3A9D_1_201_a-scaled.jpg?resize=300%2C225&amp;ssl=1 300w, https:\/\/i0.wp.com\/www.geografics.cat\/wp-content\/uploads\/2022\/04\/B3C5F2A9-2FFA-4534-A4A6-0101F72D3A9D_1_201_a-scaled.jpg?resize=768%2C576&amp;ssl=1 768w, https:\/\/i0.wp.com\/www.geografics.cat\/wp-content\/uploads\/2022\/04\/B3C5F2A9-2FFA-4534-A4A6-0101F72D3A9D_1_201_a-scaled.jpg?resize=1536%2C1152&amp;ssl=1 1536w, https:\/\/i0.wp.com\/www.geografics.cat\/wp-content\/uploads\/2022\/04\/B3C5F2A9-2FFA-4534-A4A6-0101F72D3A9D_1_201_a-scaled.jpg?resize=2048%2C1536&amp;ssl=1 2048w, https:\/\/i0.wp.com\/www.geografics.cat\/wp-content\/uploads\/2022\/04\/B3C5F2A9-2FFA-4534-A4A6-0101F72D3A9D_1_201_a-scaled.jpg?resize=720%2C540&amp;ssl=1 720w, https:\/\/i0.wp.com\/www.geografics.cat\/wp-content\/uploads\/2022\/04\/B3C5F2A9-2FFA-4534-A4A6-0101F72D3A9D_1_201_a-scaled.jpg?w=1280&amp;ssl=1 1280w, https:\/\/i0.wp.com\/www.geografics.cat\/wp-content\/uploads\/2022\/04\/B3C5F2A9-2FFA-4534-A4A6-0101F72D3A9D_1_201_a-scaled.jpg?w=1920&amp;ssl=1 1920w\" sizes=\"auto, (max-width: 640px) 100vw, 640px\" \/><\/figure>\n\n\n\n<p><\/p>\n","protected":false},"excerpt":{"rendered":"<p>Despr\u00e9s d&#8217;un temps sense sortir, he<\/p>\n","protected":false},"author":1,"featured_media":58404,"comment_status":"open","ping_status":"open","sticky":false,"template":"","format":"standard","meta":{"_monsterinsights_skip_tracking":false,"_monsterinsights_sitenote_active":false,"_monsterinsights_sitenote_note":"","_monsterinsights_sitenote_category":0,"jetpack_post_was_ever_published":false,"_jetpack_newsletter_access":"","_jetpack_dont_email_post_to_subs":false,"_jetpack_newsletter_tier_id":0,"_jetpack_memberships_contains_paywalled_content":false,"_jetpack_memberships_contains_paid_content":false,"footnotes":"","jetpack_publicize_message":"","jetpack_publicize_feature_enabled":true,"jetpack_social_post_already_shared":true,"jetpack_social_options":{"image_generator_settings":{"template":"highway","default_image_id":0,"font":"","enabled":false},"version":2}},"categories":[4,7,8],"tags":[41,80,113,114,115,149,150,161,170,197,198],"class_list":["post-58391","post","type-post","status-publish","format-standard","has-post-thumbnail","hentry","category-excursions","category-reportatges","category-rutes","tag-catalunya","tag-geografia","tag-mountain","tag-muntanya","tag-natura","tag-pirineu","tag-pirineus","tag-queralbs","tag-ripolles","tag-vall-de-nuria","tag-vall-de-ribes"],"jetpack_publicize_connections":[],"jetpack_featured_media_url":"https:\/\/i0.wp.com\/www.geografics.cat\/wp-content\/uploads\/2022\/04\/DFC651FF-58EB-4F98-97E4-FFC39DDFAC1F_1_201_a-scaled.jpeg?fit=2560%2C1920&ssl=1","jetpack_likes_enabled":true,"jetpack_sharing_enabled":true,"jetpack-related-posts":[],"_links":{"self":[{"href":"https:\/\/www.geografics.cat\/index.php?rest_route=\/wp\/v2\/posts\/58391","targetHints":{"allow":["GET"]}}],"collection":[{"href":"https:\/\/www.geografics.cat\/index.php?rest_route=\/wp\/v2\/posts"}],"about":[{"href":"https:\/\/www.geografics.cat\/index.php?rest_route=\/wp\/v2\/types\/post"}],"author":[{"embeddable":true,"href":"https:\/\/www.geografics.cat\/index.php?rest_route=\/wp\/v2\/users\/1"}],"replies":[{"embeddable":true,"href":"https:\/\/www.geografics.cat\/index.php?rest_route=%2Fwp%2Fv2%2Fcomments&post=58391"}],"version-history":[{"count":0,"href":"https:\/\/www.geografics.cat\/index.php?rest_route=\/wp\/v2\/posts\/58391\/revisions"}],"wp:featuredmedia":[{"embeddable":true,"href":"https:\/\/www.geografics.cat\/index.php?rest_route=\/wp\/v2\/media\/58404"}],"wp:attachment":[{"href":"https:\/\/www.geografics.cat\/index.php?rest_route=%2Fwp%2Fv2%2Fmedia&parent=58391"}],"wp:term":[{"taxonomy":"category","embeddable":true,"href":"https:\/\/www.geografics.cat\/index.php?rest_route=%2Fwp%2Fv2%2Fcategories&post=58391"},{"taxonomy":"post_tag","embeddable":true,"href":"https:\/\/www.geografics.cat\/index.php?rest_route=%2Fwp%2Fv2%2Ftags&post=58391"}],"curies":[{"name":"wp","href":"https:\/\/api.w.org\/{rel}","templated":true}]}}