{"id":59015,"date":"2022-04-29T16:05:07","date_gmt":"2022-04-29T16:05:07","guid":{"rendered":"https:\/\/www.geografics.cat\/?p=59015"},"modified":"2022-04-29T16:16:22","modified_gmt":"2022-04-29T16:16:22","slug":"al-balandrau","status":"publish","type":"post","link":"https:\/\/www.geografics.cat\/?p=59015","title":{"rendered":"Al Balandrau"},"content":{"rendered":"\n<p>Preciosa excursi\u00f3 al Balandrau per Tregur\u00e0, des del Collet de la Gralla, pel  Coll dels Tres Pics. Segurament amb les \u00faltimes neus de la primavera. Malgrat el cel ennovulat, el temps ens va respectar fent potser m\u00e9s boniques les vistes des del cim: la Coma de Vaca, la Coma del Freser, Fontalba, el Puigmal&#8230; Cal destacar la quantitat de neu per ser un 24 d&#8217;abril. <\/p>\n\n\n\n<p>Entra a l&#8217;\u00e0lbum i veur\u00e0s les boniques fotos en aquest enlla\u00e7  <a href=\"https:\/\/photos.app.goo.gl\/2fqgj2o1gtRiPvJ69\" target=\"_blank\" rel=\"noreferrer noopener\">(fotos)<\/a> !!<\/p>\n\n\n\n<p>Un record especial als excursionistes que van deixar la vida al desembre del 2000 per aquesta zona.<\/p>\n\n\n\n<figure class=\"wp-block-gallery has-nested-images columns-default is-cropped wp-block-gallery-1 is-layout-flex wp-block-gallery-is-layout-flex\">\n<figure class=\"wp-block-image size-large\"><img data-recalc-dims=\"1\" loading=\"lazy\" decoding=\"async\" width=\"640\" height=\"480\" data-attachment-id=\"59016\" data-permalink=\"https:\/\/www.geografics.cat\/?attachment_id=59016\" data-orig-file=\"https:\/\/i0.wp.com\/www.geografics.cat\/wp-content\/uploads\/2022\/04\/64AEF60F-20D3-4548-A12B-1B357B987216_1_201_a-scaled.jpg?fit=2560%2C1920&amp;ssl=1\" data-orig-size=\"2560,1920\" data-comments-opened=\"1\" data-image-meta=\"{&quot;aperture&quot;:&quot;0&quot;,&quot;credit&quot;:&quot;&quot;,&quot;camera&quot;:&quot;&quot;,&quot;caption&quot;:&quot;&quot;,&quot;created_timestamp&quot;:&quot;0&quot;,&quot;copyright&quot;:&quot;&quot;,&quot;focal_length&quot;:&quot;0&quot;,&quot;iso&quot;:&quot;0&quot;,&quot;shutter_speed&quot;:&quot;0&quot;,&quot;title&quot;:&quot;&quot;,&quot;orientation&quot;:&quot;0&quot;}\" data-image-title=\"64AEF60F-20D3-4548-A12B-1B357B987216_1_201_a\" data-image-description=\"\" data-image-caption=\"\" data-medium-file=\"https:\/\/i0.wp.com\/www.geografics.cat\/wp-content\/uploads\/2022\/04\/64AEF60F-20D3-4548-A12B-1B357B987216_1_201_a-scaled.jpg?fit=300%2C225&amp;ssl=1\" data-large-file=\"https:\/\/i0.wp.com\/www.geografics.cat\/wp-content\/uploads\/2022\/04\/64AEF60F-20D3-4548-A12B-1B357B987216_1_201_a-scaled.jpg?fit=640%2C480&amp;ssl=1\" data-id=\"59016\" src=\"https:\/\/i0.wp.com\/www.geografics.cat\/wp-content\/uploads\/2022\/04\/64AEF60F-20D3-4548-A12B-1B357B987216_1_201_a-scaled.jpg?resize=640%2C480&#038;ssl=1\" alt=\"\" class=\"wp-image-59016\" srcset=\"https:\/\/i0.wp.com\/www.geografics.cat\/wp-content\/uploads\/2022\/04\/64AEF60F-20D3-4548-A12B-1B357B987216_1_201_a-scaled.jpg?w=2560&amp;ssl=1 2560w, https:\/\/i0.wp.com\/www.geografics.cat\/wp-content\/uploads\/2022\/04\/64AEF60F-20D3-4548-A12B-1B357B987216_1_201_a-scaled.jpg?resize=300%2C225&amp;ssl=1 300w, https:\/\/i0.wp.com\/www.geografics.cat\/wp-content\/uploads\/2022\/04\/64AEF60F-20D3-4548-A12B-1B357B987216_1_201_a-scaled.jpg?resize=1024%2C768&amp;ssl=1 1024w, https:\/\/i0.wp.com\/www.geografics.cat\/wp-content\/uploads\/2022\/04\/64AEF60F-20D3-4548-A12B-1B357B987216_1_201_a-scaled.jpg?resize=768%2C576&amp;ssl=1 768w, https:\/\/i0.wp.com\/www.geografics.cat\/wp-content\/uploads\/2022\/04\/64AEF60F-20D3-4548-A12B-1B357B987216_1_201_a-scaled.jpg?resize=1536%2C1152&amp;ssl=1 1536w, https:\/\/i0.wp.com\/www.geografics.cat\/wp-content\/uploads\/2022\/04\/64AEF60F-20D3-4548-A12B-1B357B987216_1_201_a-scaled.jpg?resize=2048%2C1536&amp;ssl=1 2048w, https:\/\/i0.wp.com\/www.geografics.cat\/wp-content\/uploads\/2022\/04\/64AEF60F-20D3-4548-A12B-1B357B987216_1_201_a-scaled.jpg?resize=720%2C540&amp;ssl=1 720w, https:\/\/i0.wp.com\/www.geografics.cat\/wp-content\/uploads\/2022\/04\/64AEF60F-20D3-4548-A12B-1B357B987216_1_201_a-scaled.jpg?w=1280&amp;ssl=1 1280w, https:\/\/i0.wp.com\/www.geografics.cat\/wp-content\/uploads\/2022\/04\/64AEF60F-20D3-4548-A12B-1B357B987216_1_201_a-scaled.jpg?w=1920&amp;ssl=1 1920w\" sizes=\"auto, (max-width: 640px) 100vw, 640px\" \/><figcaption>La Coma de Vaca<\/figcaption><\/figure>\n<\/figure>\n\n\n\n<p><\/p>\n","protected":false},"excerpt":{"rendered":"<p>Preciosa excursi\u00f3 al Balandrau per Tregur\u00e0,<\/p>\n","protected":false},"author":1,"featured_media":59019,"comment_status":"open","ping_status":"open","sticky":false,"template":"","format":"standard","meta":{"_monsterinsights_skip_tracking":false,"_monsterinsights_sitenote_active":false,"_monsterinsights_sitenote_note":"","_monsterinsights_sitenote_category":0,"jetpack_post_was_ever_published":false,"_jetpack_newsletter_access":"","_jetpack_dont_email_post_to_subs":false,"_jetpack_newsletter_tier_id":0,"_jetpack_memberships_contains_paywalled_content":false,"_jetpack_memberships_contains_paid_content":false,"footnotes":"","jetpack_publicize_message":"","jetpack_publicize_feature_enabled":true,"jetpack_social_post_already_shared":true,"jetpack_social_options":{"image_generator_settings":{"template":"highway","default_image_id":0,"font":"","enabled":false},"version":2}},"categories":[4,7],"tags":[19,52,68,114,115,189],"class_list":["post-59015","post","type-post","status-publish","format-standard","has-post-thumbnail","hentry","category-excursions","category-reportatges","tag-balandrau","tag-coma-de-vaca","tag-excursions","tag-muntanya","tag-natura","tag-tregura"],"jetpack_publicize_connections":[],"jetpack_featured_media_url":"https:\/\/i0.wp.com\/www.geografics.cat\/wp-content\/uploads\/2022\/04\/55C09C19-94B7-44C7-B1D3-4B1C691E17E7-scaled.jpg?fit=2560%2C1920&ssl=1","jetpack_likes_enabled":true,"jetpack_sharing_enabled":true,"jetpack-related-posts":[],"_links":{"self":[{"href":"https:\/\/www.geografics.cat\/index.php?rest_route=\/wp\/v2\/posts\/59015","targetHints":{"allow":["GET"]}}],"collection":[{"href":"https:\/\/www.geografics.cat\/index.php?rest_route=\/wp\/v2\/posts"}],"about":[{"href":"https:\/\/www.geografics.cat\/index.php?rest_route=\/wp\/v2\/types\/post"}],"author":[{"embeddable":true,"href":"https:\/\/www.geografics.cat\/index.php?rest_route=\/wp\/v2\/users\/1"}],"replies":[{"embeddable":true,"href":"https:\/\/www.geografics.cat\/index.php?rest_route=%2Fwp%2Fv2%2Fcomments&post=59015"}],"version-history":[{"count":0,"href":"https:\/\/www.geografics.cat\/index.php?rest_route=\/wp\/v2\/posts\/59015\/revisions"}],"wp:featuredmedia":[{"embeddable":true,"href":"https:\/\/www.geografics.cat\/index.php?rest_route=\/wp\/v2\/media\/59019"}],"wp:attachment":[{"href":"https:\/\/www.geografics.cat\/index.php?rest_route=%2Fwp%2Fv2%2Fmedia&parent=59015"}],"wp:term":[{"taxonomy":"category","embeddable":true,"href":"https:\/\/www.geografics.cat\/index.php?rest_route=%2Fwp%2Fv2%2Fcategories&post=59015"},{"taxonomy":"post_tag","embeddable":true,"href":"https:\/\/www.geografics.cat\/index.php?rest_route=%2Fwp%2Fv2%2Ftags&post=59015"}],"curies":[{"name":"wp","href":"https:\/\/api.w.org\/{rel}","templated":true}]}}