{"id":60058,"date":"2022-08-12T17:45:48","date_gmt":"2022-08-12T17:45:48","guid":{"rendered":"https:\/\/www.geografics.cat\/?p=60058"},"modified":"2022-08-12T17:45:52","modified_gmt":"2022-08-12T17:45:52","slug":"pla-derola-puig-cerveris-balandrau","status":"publish","type":"post","link":"https:\/\/www.geografics.cat\/?p=60058","title":{"rendered":"Pla d&#8217;Erola &#8211; Puig Cerver\u00eds &#8211; Balandrau"},"content":{"rendered":"\n<p>Bona sortida i amb bones vistes. Des del refugi del pla d&#8217;Erola,  cap el Cerver\u00eds (2208 m), seguint fins arribar al Balandrau (2585 m). El primer tram passem una part boscosa sense cam\u00ed clar i una mica &#8220;bruta&#8221;.  A la part del Balandrau ja veiem el cam\u00ed sense problemes, molt clar i ben marcat. <\/p>\n\n\n\n<p>Destacaria del puig Cerver\u00eds  les bones panor\u00e0miques que podem veure des del cim (Taga, Queralbs, Fontalba, el Puigmal, el Pedraforca&#8230;.).  Un cop al Balandrau, potser m\u00e9s conegut, podem seguint comtemplant grans vistes de la coma de Vaca, coma del Freser, el Bastiments, la Vall de Camprodon, pista de Tregur\u00e0&#8230;  <\/p>\n\n\n\n<p>Tot seguit adjunto \u00e0lbum de fotos i ruta a wikiloc.<\/p>\n\n\n\n<p>\u00c0lbum de fotos <a rel=\"noreferrer noopener\" href=\"https:\/\/photos.app.goo.gl\/TkBvKqD4AmGYECNw8\" target=\"_blank\">aqu\u00ed<\/a>.<\/p>\n\n\n\n<figure class=\"wp-block-image size-full\"><img data-recalc-dims=\"1\" loading=\"lazy\" decoding=\"async\" width=\"640\" height=\"221\" data-attachment-id=\"60075\" data-permalink=\"https:\/\/www.geografics.cat\/?attachment_id=60075\" data-orig-file=\"https:\/\/i0.wp.com\/www.geografics.cat\/wp-content\/uploads\/2022\/08\/F347A747-AC16-4401-BE27-1EA5768ACC8C_1_201_a-1.jpg?fit=2480%2C856&amp;ssl=1\" data-orig-size=\"2480,856\" data-comments-opened=\"1\" data-image-meta=\"{&quot;aperture&quot;:&quot;0&quot;,&quot;credit&quot;:&quot;&quot;,&quot;camera&quot;:&quot;&quot;,&quot;caption&quot;:&quot;&quot;,&quot;created_timestamp&quot;:&quot;0&quot;,&quot;copyright&quot;:&quot;&quot;,&quot;focal_length&quot;:&quot;0&quot;,&quot;iso&quot;:&quot;0&quot;,&quot;shutter_speed&quot;:&quot;0&quot;,&quot;title&quot;:&quot;&quot;,&quot;orientation&quot;:&quot;0&quot;}\" data-image-title=\"F347A747-AC16-4401-BE27-1EA5768ACC8C_1_201_a-1\" data-image-description=\"\" data-image-caption=\"\" data-medium-file=\"https:\/\/i0.wp.com\/www.geografics.cat\/wp-content\/uploads\/2022\/08\/F347A747-AC16-4401-BE27-1EA5768ACC8C_1_201_a-1.jpg?fit=300%2C104&amp;ssl=1\" data-large-file=\"https:\/\/i0.wp.com\/www.geografics.cat\/wp-content\/uploads\/2022\/08\/F347A747-AC16-4401-BE27-1EA5768ACC8C_1_201_a-1.jpg?fit=640%2C221&amp;ssl=1\" src=\"https:\/\/i0.wp.com\/www.geografics.cat\/wp-content\/uploads\/2022\/08\/F347A747-AC16-4401-BE27-1EA5768ACC8C_1_201_a-1.jpg?resize=640%2C221&#038;ssl=1\" alt=\"\" class=\"wp-image-60075\" srcset=\"https:\/\/i0.wp.com\/www.geografics.cat\/wp-content\/uploads\/2022\/08\/F347A747-AC16-4401-BE27-1EA5768ACC8C_1_201_a-1.jpg?w=2480&amp;ssl=1 2480w, https:\/\/i0.wp.com\/www.geografics.cat\/wp-content\/uploads\/2022\/08\/F347A747-AC16-4401-BE27-1EA5768ACC8C_1_201_a-1.jpg?resize=300%2C104&amp;ssl=1 300w, https:\/\/i0.wp.com\/www.geografics.cat\/wp-content\/uploads\/2022\/08\/F347A747-AC16-4401-BE27-1EA5768ACC8C_1_201_a-1.jpg?resize=1024%2C353&amp;ssl=1 1024w, https:\/\/i0.wp.com\/www.geografics.cat\/wp-content\/uploads\/2022\/08\/F347A747-AC16-4401-BE27-1EA5768ACC8C_1_201_a-1.jpg?resize=768%2C265&amp;ssl=1 768w, https:\/\/i0.wp.com\/www.geografics.cat\/wp-content\/uploads\/2022\/08\/F347A747-AC16-4401-BE27-1EA5768ACC8C_1_201_a-1.jpg?resize=1536%2C530&amp;ssl=1 1536w, https:\/\/i0.wp.com\/www.geografics.cat\/wp-content\/uploads\/2022\/08\/F347A747-AC16-4401-BE27-1EA5768ACC8C_1_201_a-1.jpg?resize=2048%2C707&amp;ssl=1 2048w, https:\/\/i0.wp.com\/www.geografics.cat\/wp-content\/uploads\/2022\/08\/F347A747-AC16-4401-BE27-1EA5768ACC8C_1_201_a-1.jpg?w=1280&amp;ssl=1 1280w, https:\/\/i0.wp.com\/www.geografics.cat\/wp-content\/uploads\/2022\/08\/F347A747-AC16-4401-BE27-1EA5768ACC8C_1_201_a-1.jpg?w=1920&amp;ssl=1 1920w\" sizes=\"auto, (max-width: 640px) 100vw, 640px\" \/><\/figure>\n\n\n\n<hr class=\"wp-block-separator\"\/>\n\n\n\n<iframe loading=\"lazy\" frameBorder=\"0\" scrolling=\"no\" src=\"https:\/\/ca.wikiloc.com\/wikiloc\/spatialArtifacts.do?event=view&#038;id=110258296&#038;measures=on&#038;title=on&#038;near=on&#038;images=off&#038;maptype=H\" width=\"500\" height=\"400\"><\/iframe><div style=\"color:#777;font-size:11px;line-height:16px;\">Powered by <a style=\"color:#06d;font-size:11px;line-height:16px;\" target=\"_blank\" href=\"https:\/\/ca.wikiloc.com\" rel=\"noopener\">Wikiloc<\/a><\/div>\n","protected":false},"excerpt":{"rendered":"<p>Bona sortida i amb bones vistes.<\/p>\n","protected":false},"author":1,"featured_media":60060,"comment_status":"open","ping_status":"open","sticky":false,"template":"","format":"standard","meta":{"_monsterinsights_skip_tracking":false,"_monsterinsights_sitenote_active":false,"_monsterinsights_sitenote_note":"","_monsterinsights_sitenote_category":0,"jetpack_post_was_ever_published":false,"_jetpack_newsletter_access":"","_jetpack_dont_email_post_to_subs":false,"_jetpack_newsletter_tier_id":0,"_jetpack_memberships_contains_paywalled_content":false,"_jetpack_memberships_contains_paid_content":false,"footnotes":"","jetpack_publicize_message":"","jetpack_publicize_feature_enabled":true,"jetpack_social_post_already_shared":true,"jetpack_social_options":{"image_generator_settings":{"template":"highway","default_image_id":0,"font":"","enabled":false},"version":2}},"categories":[4,7,8],"tags":[19,309,68,114,150,310,311,198],"class_list":["post-60058","post","type-post","status-publish","format-standard","has-post-thumbnail","hentry","category-excursions","category-reportatges","category-rutes","tag-balandrau","tag-cerveris","tag-excursions","tag-muntanya","tag-pirineus","tag-pla-derola","tag-ripolles-2","tag-vall-de-ribes"],"jetpack_publicize_connections":[],"jetpack_featured_media_url":"https:\/\/i0.wp.com\/www.geografics.cat\/wp-content\/uploads\/2022\/08\/66181BA9-6413-420D-BFBF-F6FCD0BCF899_1_201_a-scaled.jpg?fit=2560%2C1920&ssl=1","jetpack_likes_enabled":true,"jetpack_sharing_enabled":true,"jetpack-related-posts":[],"_links":{"self":[{"href":"https:\/\/www.geografics.cat\/index.php?rest_route=\/wp\/v2\/posts\/60058","targetHints":{"allow":["GET"]}}],"collection":[{"href":"https:\/\/www.geografics.cat\/index.php?rest_route=\/wp\/v2\/posts"}],"about":[{"href":"https:\/\/www.geografics.cat\/index.php?rest_route=\/wp\/v2\/types\/post"}],"author":[{"embeddable":true,"href":"https:\/\/www.geografics.cat\/index.php?rest_route=\/wp\/v2\/users\/1"}],"replies":[{"embeddable":true,"href":"https:\/\/www.geografics.cat\/index.php?rest_route=%2Fwp%2Fv2%2Fcomments&post=60058"}],"version-history":[{"count":0,"href":"https:\/\/www.geografics.cat\/index.php?rest_route=\/wp\/v2\/posts\/60058\/revisions"}],"wp:featuredmedia":[{"embeddable":true,"href":"https:\/\/www.geografics.cat\/index.php?rest_route=\/wp\/v2\/media\/60060"}],"wp:attachment":[{"href":"https:\/\/www.geografics.cat\/index.php?rest_route=%2Fwp%2Fv2%2Fmedia&parent=60058"}],"wp:term":[{"taxonomy":"category","embeddable":true,"href":"https:\/\/www.geografics.cat\/index.php?rest_route=%2Fwp%2Fv2%2Fcategories&post=60058"},{"taxonomy":"post_tag","embeddable":true,"href":"https:\/\/www.geografics.cat\/index.php?rest_route=%2Fwp%2Fv2%2Ftags&post=60058"}],"curies":[{"name":"wp","href":"https:\/\/api.w.org\/{rel}","templated":true}]}}