{"id":60317,"date":"2022-08-21T09:33:02","date_gmt":"2022-08-21T09:33:02","guid":{"rendered":"https:\/\/www.geografics.cat\/?p=60317"},"modified":"2022-08-21T12:11:01","modified_gmt":"2022-08-21T12:11:01","slug":"al-torreneules","status":"publish","type":"post","link":"https:\/\/www.geografics.cat\/?p=60317","title":{"rendered":"Al Torreneules"},"content":{"rendered":"\n<p>Bona ruta circular amb unes panor\u00e0miques fant\u00e0stiques des del cim del Torreneules. Comencen a caminar des de la central de Dai\u00f3, direcci\u00f3 Coma de Vaca. Un cop arribem al refugi de Coma de Vaca, seguim direcci\u00f3 NO, seguint el riu coma de Vaca, fins arribar al fons de la Vall i pujar amb for\u00e7a cap el coll del Torreneules i el cim del Torreneules. All\u00e0 podem gaudir de precioses panor\u00e0miques, des del Bastiments, Balandrau, Queralbs i Ribes de Freser, el Puigmal, &#8230; De tornada, des del coll seguim el cam\u00ed que ens portar\u00e0 a N\u00faria i pel cam\u00ed Vell fins a Dai\u00f3.<\/p>\n\n\n\n<figure class=\"wp-block-image size-full\"><img data-recalc-dims=\"1\" loading=\"lazy\" decoding=\"async\" width=\"640\" height=\"360\" data-attachment-id=\"60323\" data-permalink=\"https:\/\/www.geografics.cat\/?attachment_id=60323\" data-orig-file=\"https:\/\/i0.wp.com\/www.geografics.cat\/wp-content\/uploads\/2022\/08\/4B7B7C29-A4C7-4408-934F-2766FC1EE4D9_1_102_o.jpg?fit=1920%2C1080&amp;ssl=1\" data-orig-size=\"1920,1080\" data-comments-opened=\"1\" data-image-meta=\"{&quot;aperture&quot;:&quot;0&quot;,&quot;credit&quot;:&quot;&quot;,&quot;camera&quot;:&quot;&quot;,&quot;caption&quot;:&quot;&quot;,&quot;created_timestamp&quot;:&quot;0&quot;,&quot;copyright&quot;:&quot;&quot;,&quot;focal_length&quot;:&quot;0&quot;,&quot;iso&quot;:&quot;0&quot;,&quot;shutter_speed&quot;:&quot;0&quot;,&quot;title&quot;:&quot;&quot;,&quot;orientation&quot;:&quot;0&quot;}\" data-image-title=\"4B7B7C29-A4C7-4408-934F-2766FC1EE4D9_1_102_o\" data-image-description=\"\" data-image-caption=\"\" data-medium-file=\"https:\/\/i0.wp.com\/www.geografics.cat\/wp-content\/uploads\/2022\/08\/4B7B7C29-A4C7-4408-934F-2766FC1EE4D9_1_102_o.jpg?fit=300%2C169&amp;ssl=1\" data-large-file=\"https:\/\/i0.wp.com\/www.geografics.cat\/wp-content\/uploads\/2022\/08\/4B7B7C29-A4C7-4408-934F-2766FC1EE4D9_1_102_o.jpg?fit=640%2C360&amp;ssl=1\" src=\"https:\/\/i0.wp.com\/www.geografics.cat\/wp-content\/uploads\/2022\/08\/4B7B7C29-A4C7-4408-934F-2766FC1EE4D9_1_102_o.jpg?resize=640%2C360&#038;ssl=1\" alt=\"\" class=\"wp-image-60323\" srcset=\"https:\/\/i0.wp.com\/www.geografics.cat\/wp-content\/uploads\/2022\/08\/4B7B7C29-A4C7-4408-934F-2766FC1EE4D9_1_102_o.jpg?w=1920&amp;ssl=1 1920w, https:\/\/i0.wp.com\/www.geografics.cat\/wp-content\/uploads\/2022\/08\/4B7B7C29-A4C7-4408-934F-2766FC1EE4D9_1_102_o.jpg?resize=300%2C169&amp;ssl=1 300w, https:\/\/i0.wp.com\/www.geografics.cat\/wp-content\/uploads\/2022\/08\/4B7B7C29-A4C7-4408-934F-2766FC1EE4D9_1_102_o.jpg?resize=1024%2C576&amp;ssl=1 1024w, https:\/\/i0.wp.com\/www.geografics.cat\/wp-content\/uploads\/2022\/08\/4B7B7C29-A4C7-4408-934F-2766FC1EE4D9_1_102_o.jpg?resize=768%2C432&amp;ssl=1 768w, https:\/\/i0.wp.com\/www.geografics.cat\/wp-content\/uploads\/2022\/08\/4B7B7C29-A4C7-4408-934F-2766FC1EE4D9_1_102_o.jpg?resize=1536%2C864&amp;ssl=1 1536w, https:\/\/i0.wp.com\/www.geografics.cat\/wp-content\/uploads\/2022\/08\/4B7B7C29-A4C7-4408-934F-2766FC1EE4D9_1_102_o.jpg?resize=800%2C450&amp;ssl=1 800w, https:\/\/i0.wp.com\/www.geografics.cat\/wp-content\/uploads\/2022\/08\/4B7B7C29-A4C7-4408-934F-2766FC1EE4D9_1_102_o.jpg?w=1280&amp;ssl=1 1280w\" sizes=\"auto, (max-width: 640px) 100vw, 640px\" \/><\/figure>\n\n\n\n<p>\u00c0lbum de totes les fotos <a rel=\"noreferrer noopener\" href=\"https:\/\/photos.app.goo.gl\/vUNkzCDGtpkX38An9\" data-type=\"URL\" data-id=\"https:\/\/photos.app.goo.gl\/vUNkzCDGtpkX38An9\" target=\"_blank\">aqu\u00ed<\/a> !<\/p>\n\n\n\n<iframe loading=\"lazy\" frameborder=\"0\" scrolling=\"no\" src=\"https:\/\/ca.wikiloc.com\/wikiloc\/spatialArtifacts.do?event=view&amp;id=111254590&amp;measures=on&amp;title=on&amp;near=on&amp;images=off&amp;maptype=T\" width=\"500\" height=\"400\"><\/iframe><div style=\"color:#777;font-size:11px;line-height:16px;\">Powered by <a style=\"color:#06d;font-size:11px;line-height:16px;\" target=\"_blank\" href=\"https:\/\/ca.wikiloc.com\" rel=\"noopener\">Wikiloc<\/a><\/div>\n\n\n\n<p><\/p>\n\n\n\n<p><\/p>\n","protected":false},"excerpt":{"rendered":"<p>Bona ruta circular amb unes panor\u00e0miques<\/p>\n","protected":false},"author":1,"featured_media":60318,"comment_status":"open","ping_status":"open","sticky":false,"template":"","format":"standard","meta":{"_monsterinsights_skip_tracking":false,"_monsterinsights_sitenote_active":false,"_monsterinsights_sitenote_note":"","_monsterinsights_sitenote_category":0,"jetpack_post_was_ever_published":false,"_jetpack_newsletter_access":"","_jetpack_dont_email_post_to_subs":false,"_jetpack_newsletter_tier_id":0,"_jetpack_memberships_contains_paywalled_content":false,"_jetpack_memberships_contains_paid_content":false,"footnotes":"","jetpack_publicize_message":"","jetpack_publicize_feature_enabled":true,"jetpack_social_post_already_shared":true,"jetpack_social_options":{"image_generator_settings":{"template":"highway","default_image_id":0,"font":"","enabled":false},"version":2}},"categories":[4,8],"tags":[52,279,150,170,282,312,313,205],"class_list":["post-60317","post","type-post","status-publish","format-standard","has-post-thumbnail","hentry","category-excursions","category-rutes","tag-coma-de-vaca","tag-daio-2","tag-pirineus","tag-ripolles","tag-ruta-circular","tag-torreneules","tag-valldenuria-2","tag-vallderibes"],"jetpack_publicize_connections":[],"jetpack_featured_media_url":"https:\/\/i0.wp.com\/www.geografics.cat\/wp-content\/uploads\/2022\/08\/21995B5D-123B-44FA-9591-7684C8975B3C_1_201_a-scaled.jpg?fit=2560%2C1920&ssl=1","jetpack_likes_enabled":true,"jetpack_sharing_enabled":true,"jetpack-related-posts":[],"_links":{"self":[{"href":"https:\/\/www.geografics.cat\/index.php?rest_route=\/wp\/v2\/posts\/60317","targetHints":{"allow":["GET"]}}],"collection":[{"href":"https:\/\/www.geografics.cat\/index.php?rest_route=\/wp\/v2\/posts"}],"about":[{"href":"https:\/\/www.geografics.cat\/index.php?rest_route=\/wp\/v2\/types\/post"}],"author":[{"embeddable":true,"href":"https:\/\/www.geografics.cat\/index.php?rest_route=\/wp\/v2\/users\/1"}],"replies":[{"embeddable":true,"href":"https:\/\/www.geografics.cat\/index.php?rest_route=%2Fwp%2Fv2%2Fcomments&post=60317"}],"version-history":[{"count":0,"href":"https:\/\/www.geografics.cat\/index.php?rest_route=\/wp\/v2\/posts\/60317\/revisions"}],"wp:featuredmedia":[{"embeddable":true,"href":"https:\/\/www.geografics.cat\/index.php?rest_route=\/wp\/v2\/media\/60318"}],"wp:attachment":[{"href":"https:\/\/www.geografics.cat\/index.php?rest_route=%2Fwp%2Fv2%2Fmedia&parent=60317"}],"wp:term":[{"taxonomy":"category","embeddable":true,"href":"https:\/\/www.geografics.cat\/index.php?rest_route=%2Fwp%2Fv2%2Fcategories&post=60317"},{"taxonomy":"post_tag","embeddable":true,"href":"https:\/\/www.geografics.cat\/index.php?rest_route=%2Fwp%2Fv2%2Ftags&post=60317"}],"curies":[{"name":"wp","href":"https:\/\/api.w.org\/{rel}","templated":true}]}}