{"id":61499,"date":"2022-11-13T17:56:55","date_gmt":"2022-11-13T17:56:55","guid":{"rendered":"https:\/\/www.geografics.cat\/?p=61499"},"modified":"2022-11-13T21:45:31","modified_gmt":"2022-11-13T21:45:31","slug":"bujaruelo-otal-ordiso","status":"publish","type":"post","link":"https:\/\/www.geografics.cat\/?p=61499","title":{"rendered":"Bujaruelo &#8211; Otal &#8211; Ordiso"},"content":{"rendered":"\n<p>Bonica ruta circular d&#8217;uns 20km des del Bujaruelo, feta el 30 d&#8217;octubre del 2022.<\/p>\n\n\n\n<p>Comencem des del refugi, pel GR-11, seguint la pista a l&#8217;esquerra del Pont de Sant Nicol\u00e0s, direcci\u00f3 la Vall d&#8217;Otal. Despr\u00e9s d&#8217;uns 2 km arribem al Coll d&#8217;Otal on podem veure la bonica vall del mateix nom.<\/p>\n\n\n\n<p>Seguint el cam\u00ed fins al fons de la vall, cap a la dreta trobem el coll d&#8217;Ordiso, amb unes fant\u00e0stiques vistes entre les dues valls, des d&#8217;on passem a la vall d&#8217;Ordiso. Podem contemplar el salt d&#8217;aigua del barranc Farreras. El cam\u00ed, seguint el riu d&#8217;Ordiso es troba amb el pont d&#8217;Ordiso i el riu Ara, envoltat d&#8217;uns bonics boscos caducifolis. Un cop aqu\u00ed, seguim el cam\u00ed de tornada sense p\u00e9rdua cap a Sant Nicol\u00e0s de Bujaruelo. Una magn\u00edfica ruta circular, amb varietat de paisatges i panor\u00e0miques. <\/p>\n\n\n\n<p>Us deixo l&#8217;\u00e0lbum de fotos i la rura a wikiloc.<\/p>\n\n\n\n<p>\u00c0lbum de fotos <a href=\"https:\/\/photos.app.goo.gl\/8FCxk7hPZHwggUUA8\" target=\"_blank\" rel=\"noreferrer noopener\">entra aqu\u00ed<\/a><\/p>\n\n\n\n<figure class=\"wp-block-image size-full\"><img data-recalc-dims=\"1\" loading=\"lazy\" decoding=\"async\" width=\"640\" height=\"427\" data-attachment-id=\"61518\" data-permalink=\"https:\/\/www.geografics.cat\/?attachment_id=61518\" data-orig-file=\"https:\/\/i0.wp.com\/www.geografics.cat\/wp-content\/uploads\/2022\/11\/830604B8-E8A4-4FDE-BB48-5C00CC1798C8_1_201_a-edited-scaled.jpg?fit=2560%2C1707&amp;ssl=1\" data-orig-size=\"2560,1707\" data-comments-opened=\"1\" data-image-meta=\"{&quot;aperture&quot;:&quot;0&quot;,&quot;credit&quot;:&quot;&quot;,&quot;camera&quot;:&quot;&quot;,&quot;caption&quot;:&quot;&quot;,&quot;created_timestamp&quot;:&quot;0&quot;,&quot;copyright&quot;:&quot;&quot;,&quot;focal_length&quot;:&quot;0&quot;,&quot;iso&quot;:&quot;0&quot;,&quot;shutter_speed&quot;:&quot;0&quot;,&quot;title&quot;:&quot;&quot;,&quot;orientation&quot;:&quot;0&quot;}\" data-image-title=\"830604B8-E8A4-4FDE-BB48-5C00CC1798C8_1_201_a\" data-image-description=\"\" data-image-caption=\"\" data-medium-file=\"https:\/\/i0.wp.com\/www.geografics.cat\/wp-content\/uploads\/2022\/11\/830604B8-E8A4-4FDE-BB48-5C00CC1798C8_1_201_a-edited-scaled.jpg?fit=300%2C200&amp;ssl=1\" data-large-file=\"https:\/\/i0.wp.com\/www.geografics.cat\/wp-content\/uploads\/2022\/11\/830604B8-E8A4-4FDE-BB48-5C00CC1798C8_1_201_a-edited-scaled.jpg?fit=640%2C427&amp;ssl=1\" src=\"https:\/\/i0.wp.com\/www.geografics.cat\/wp-content\/uploads\/2022\/11\/830604B8-E8A4-4FDE-BB48-5C00CC1798C8_1_201_a-edited-scaled.jpg?resize=640%2C427&#038;ssl=1\" alt=\"\" class=\"wp-image-61518\" srcset=\"https:\/\/i0.wp.com\/www.geografics.cat\/wp-content\/uploads\/2022\/11\/830604B8-E8A4-4FDE-BB48-5C00CC1798C8_1_201_a-edited-scaled.jpg?w=2560&amp;ssl=1 2560w, https:\/\/i0.wp.com\/www.geografics.cat\/wp-content\/uploads\/2022\/11\/830604B8-E8A4-4FDE-BB48-5C00CC1798C8_1_201_a-edited-scaled.jpg?resize=300%2C200&amp;ssl=1 300w, https:\/\/i0.wp.com\/www.geografics.cat\/wp-content\/uploads\/2022\/11\/830604B8-E8A4-4FDE-BB48-5C00CC1798C8_1_201_a-edited-scaled.jpg?resize=1024%2C683&amp;ssl=1 1024w, https:\/\/i0.wp.com\/www.geografics.cat\/wp-content\/uploads\/2022\/11\/830604B8-E8A4-4FDE-BB48-5C00CC1798C8_1_201_a-edited-scaled.jpg?resize=768%2C512&amp;ssl=1 768w, https:\/\/i0.wp.com\/www.geografics.cat\/wp-content\/uploads\/2022\/11\/830604B8-E8A4-4FDE-BB48-5C00CC1798C8_1_201_a-edited-scaled.jpg?resize=1536%2C1024&amp;ssl=1 1536w, https:\/\/i0.wp.com\/www.geografics.cat\/wp-content\/uploads\/2022\/11\/830604B8-E8A4-4FDE-BB48-5C00CC1798C8_1_201_a-edited-scaled.jpg?resize=2048%2C1365&amp;ssl=1 2048w, https:\/\/i0.wp.com\/www.geografics.cat\/wp-content\/uploads\/2022\/11\/830604B8-E8A4-4FDE-BB48-5C00CC1798C8_1_201_a-edited-scaled.jpg?w=1280&amp;ssl=1 1280w, https:\/\/i0.wp.com\/www.geografics.cat\/wp-content\/uploads\/2022\/11\/830604B8-E8A4-4FDE-BB48-5C00CC1798C8_1_201_a-edited-scaled.jpg?w=1920&amp;ssl=1 1920w\" sizes=\"auto, (max-width: 640px) 100vw, 640px\" \/><figcaption>Tardor a Bujaruelo <\/figcaption><\/figure>\n\n\n\n<iframe loading=\"lazy\" frameborder=\"0\" scrolling=\"no\" src=\"https:\/\/ca.wikiloc.com\/wikiloc\/spatialArtifacts.do?event=view&amp;id=117842162&amp;measures=on&amp;title=on&amp;near=on&amp;images=off&amp;maptype=T\" width=\"500\" height=\"400\"><\/iframe><div style=\"color:#777;font-size:11px;line-height:16px;\">Powered by <a style=\"color:#06d;font-size:11px;line-height:16px;\" target=\"_blank\" href=\"https:\/\/ca.wikiloc.com\" rel=\"noopener\">Wikiloc<\/a><\/div>\n","protected":false},"excerpt":{"rendered":"<p>Bonica ruta circular d&#8217;uns 20km des<\/p>\n","protected":false},"author":1,"featured_media":61516,"comment_status":"open","ping_status":"open","sticky":false,"template":"","format":"standard","meta":{"_monsterinsights_skip_tracking":false,"_monsterinsights_sitenote_active":false,"_monsterinsights_sitenote_note":"","_monsterinsights_sitenote_category":0,"jetpack_post_was_ever_published":false,"_jetpack_newsletter_access":"","_jetpack_dont_email_post_to_subs":false,"_jetpack_newsletter_tier_id":0,"_jetpack_memberships_contains_paywalled_content":false,"_jetpack_memberships_contains_paid_content":false,"footnotes":"","jetpack_publicize_message":"","jetpack_publicize_feature_enabled":true,"jetpack_social_post_already_shared":true,"jetpack_social_options":{"image_generator_settings":{"template":"highway","default_image_id":0,"font":"","enabled":false},"version":2}},"categories":[4,7,8],"tags":[32,125,127,148,316,315,282,181,314],"class_list":["post-61499","post","type-post","status-publish","format-standard","has-post-thumbnail","hentry","category-excursions","category-reportatges","category-rutes","tag-bujaruelo","tag-ordiso","tag-otal","tag-pirineo-aragones","tag-rioara","tag-riuara","tag-ruta-circular","tag-senderisme","tag-valldebujaruelo"],"jetpack_publicize_connections":[],"jetpack_featured_media_url":"https:\/\/i0.wp.com\/www.geografics.cat\/wp-content\/uploads\/2022\/11\/IMG_6606-1-scaled.jpeg?fit=2560%2C1920&ssl=1","jetpack_likes_enabled":true,"jetpack_sharing_enabled":true,"jetpack-related-posts":[],"_links":{"self":[{"href":"https:\/\/www.geografics.cat\/index.php?rest_route=\/wp\/v2\/posts\/61499","targetHints":{"allow":["GET"]}}],"collection":[{"href":"https:\/\/www.geografics.cat\/index.php?rest_route=\/wp\/v2\/posts"}],"about":[{"href":"https:\/\/www.geografics.cat\/index.php?rest_route=\/wp\/v2\/types\/post"}],"author":[{"embeddable":true,"href":"https:\/\/www.geografics.cat\/index.php?rest_route=\/wp\/v2\/users\/1"}],"replies":[{"embeddable":true,"href":"https:\/\/www.geografics.cat\/index.php?rest_route=%2Fwp%2Fv2%2Fcomments&post=61499"}],"version-history":[{"count":0,"href":"https:\/\/www.geografics.cat\/index.php?rest_route=\/wp\/v2\/posts\/61499\/revisions"}],"wp:featuredmedia":[{"embeddable":true,"href":"https:\/\/www.geografics.cat\/index.php?rest_route=\/wp\/v2\/media\/61516"}],"wp:attachment":[{"href":"https:\/\/www.geografics.cat\/index.php?rest_route=%2Fwp%2Fv2%2Fmedia&parent=61499"}],"wp:term":[{"taxonomy":"category","embeddable":true,"href":"https:\/\/www.geografics.cat\/index.php?rest_route=%2Fwp%2Fv2%2Fcategories&post=61499"},{"taxonomy":"post_tag","embeddable":true,"href":"https:\/\/www.geografics.cat\/index.php?rest_route=%2Fwp%2Fv2%2Ftags&post=61499"}],"curies":[{"name":"wp","href":"https:\/\/api.w.org\/{rel}","templated":true}]}}