{"id":61556,"date":"2022-11-26T18:17:56","date_gmt":"2022-11-26T18:17:56","guid":{"rendered":"https:\/\/www.geografics.cat\/?p=61556"},"modified":"2022-11-27T10:17:38","modified_gmt":"2022-11-27T10:17:38","slug":"els-miradors-dordesa","status":"publish","type":"post","link":"https:\/\/www.geografics.cat\/?p=61556","title":{"rendered":"Els miradors d&#8217;Ordesa"},"content":{"rendered":"\n<p>Espectaculars vistes de la Vall d&#8217;Ordesa des dels Miradors. Bonica excursi\u00f3 i magn\u00edfiques panor\u00e0miques amb el final de ruta a Fanlo.<\/p>\n\n\n\n<p>Un comparteixo les fotos de la sortida feta l&#8217;1 de novembre del 2022. <\/p>\n\n\n\n<p>Entra a <a rel=\"noreferrer noopener\" href=\"https:\/\/photos.app.goo.gl\/3ZqUzF8gDdi5HvAC8\" data-type=\"URL\" data-id=\"https:\/\/photos.app.goo.gl\/3ZqUzF8gDdi5HvAC8\" target=\"_blank\">aquest l&#8217;enlla\u00e7<\/a><\/p>\n\n\n\n<figure class=\"wp-block-image size-full\"><img data-recalc-dims=\"1\" loading=\"lazy\" decoding=\"async\" width=\"640\" height=\"480\" data-attachment-id=\"61607\" data-permalink=\"https:\/\/www.geografics.cat\/?attachment_id=61607\" data-orig-file=\"https:\/\/i0.wp.com\/www.geografics.cat\/wp-content\/uploads\/2022\/11\/C35E7C4D-937A-443E-96A4-FEF79D906A91-scaled.jpg?fit=2560%2C1920&amp;ssl=1\" data-orig-size=\"2560,1920\" data-comments-opened=\"1\" data-image-meta=\"{&quot;aperture&quot;:&quot;0&quot;,&quot;credit&quot;:&quot;&quot;,&quot;camera&quot;:&quot;&quot;,&quot;caption&quot;:&quot;&quot;,&quot;created_timestamp&quot;:&quot;0&quot;,&quot;copyright&quot;:&quot;&quot;,&quot;focal_length&quot;:&quot;0&quot;,&quot;iso&quot;:&quot;0&quot;,&quot;shutter_speed&quot;:&quot;0&quot;,&quot;title&quot;:&quot;&quot;,&quot;orientation&quot;:&quot;0&quot;}\" data-image-title=\"C35E7C4D-937A-443E-96A4-FEF79D906A91\" data-image-description=\"\" data-image-caption=\"\" data-medium-file=\"https:\/\/i0.wp.com\/www.geografics.cat\/wp-content\/uploads\/2022\/11\/C35E7C4D-937A-443E-96A4-FEF79D906A91-scaled.jpg?fit=300%2C225&amp;ssl=1\" data-large-file=\"https:\/\/i0.wp.com\/www.geografics.cat\/wp-content\/uploads\/2022\/11\/C35E7C4D-937A-443E-96A4-FEF79D906A91-scaled.jpg?fit=640%2C480&amp;ssl=1\" src=\"https:\/\/i0.wp.com\/www.geografics.cat\/wp-content\/uploads\/2022\/11\/C35E7C4D-937A-443E-96A4-FEF79D906A91-scaled.jpg?resize=640%2C480&#038;ssl=1\" alt=\"\" class=\"wp-image-61607\" srcset=\"https:\/\/i0.wp.com\/www.geografics.cat\/wp-content\/uploads\/2022\/11\/C35E7C4D-937A-443E-96A4-FEF79D906A91-scaled.jpg?w=2560&amp;ssl=1 2560w, https:\/\/i0.wp.com\/www.geografics.cat\/wp-content\/uploads\/2022\/11\/C35E7C4D-937A-443E-96A4-FEF79D906A91-scaled.jpg?resize=300%2C225&amp;ssl=1 300w, https:\/\/i0.wp.com\/www.geografics.cat\/wp-content\/uploads\/2022\/11\/C35E7C4D-937A-443E-96A4-FEF79D906A91-scaled.jpg?resize=1024%2C768&amp;ssl=1 1024w, https:\/\/i0.wp.com\/www.geografics.cat\/wp-content\/uploads\/2022\/11\/C35E7C4D-937A-443E-96A4-FEF79D906A91-scaled.jpg?resize=768%2C576&amp;ssl=1 768w, https:\/\/i0.wp.com\/www.geografics.cat\/wp-content\/uploads\/2022\/11\/C35E7C4D-937A-443E-96A4-FEF79D906A91-scaled.jpg?resize=1536%2C1152&amp;ssl=1 1536w, https:\/\/i0.wp.com\/www.geografics.cat\/wp-content\/uploads\/2022\/11\/C35E7C4D-937A-443E-96A4-FEF79D906A91-scaled.jpg?resize=2048%2C1536&amp;ssl=1 2048w, https:\/\/i0.wp.com\/www.geografics.cat\/wp-content\/uploads\/2022\/11\/C35E7C4D-937A-443E-96A4-FEF79D906A91-scaled.jpg?resize=720%2C540&amp;ssl=1 720w, https:\/\/i0.wp.com\/www.geografics.cat\/wp-content\/uploads\/2022\/11\/C35E7C4D-937A-443E-96A4-FEF79D906A91-scaled.jpg?w=1280&amp;ssl=1 1280w, https:\/\/i0.wp.com\/www.geografics.cat\/wp-content\/uploads\/2022\/11\/C35E7C4D-937A-443E-96A4-FEF79D906A91-scaled.jpg?w=1920&amp;ssl=1 1920w\" sizes=\"auto, (max-width: 640px) 100vw, 640px\" \/><\/figure>\n","protected":false},"excerpt":{"rendered":"<p>Espectaculars vistes de la Vall d&#8217;Ordesa<\/p>\n","protected":false},"author":1,"featured_media":61574,"comment_status":"open","ping_status":"open","sticky":false,"template":"","format":"standard","meta":{"_monsterinsights_skip_tracking":false,"_monsterinsights_sitenote_active":false,"_monsterinsights_sitenote_note":"","_monsterinsights_sitenote_category":0,"jetpack_post_was_ever_published":false,"_jetpack_newsletter_access":"","_jetpack_dont_email_post_to_subs":false,"_jetpack_newsletter_tier_id":0,"_jetpack_memberships_contains_paywalled_content":false,"_jetpack_memberships_contains_paid_content":false,"footnotes":"","jetpack_publicize_message":"","jetpack_publicize_feature_enabled":true,"jetpack_social_post_already_shared":true,"jetpack_social_options":{"image_generator_settings":{"template":"highway","default_image_id":0,"font":"","enabled":false},"version":2}},"categories":[4,5],"tags":[317,121,122,132],"class_list":["post-61556","post","type-post","status-publish","format-standard","has-post-thumbnail","hentry","category-excursions","category-fitxes-de-meteo","tag-miradors-ordesa","tag-ordesa","tag-ordesa-y-monte-perdido","tag-parc-nacional"],"jetpack_publicize_connections":[],"jetpack_featured_media_url":"https:\/\/i0.wp.com\/www.geografics.cat\/wp-content\/uploads\/2022\/11\/4EB4F063-688C-4B7B-A466-B792B27C6A46-scaled.jpg?fit=2560%2C1920&ssl=1","jetpack_likes_enabled":true,"jetpack_sharing_enabled":true,"jetpack-related-posts":[],"_links":{"self":[{"href":"https:\/\/www.geografics.cat\/index.php?rest_route=\/wp\/v2\/posts\/61556","targetHints":{"allow":["GET"]}}],"collection":[{"href":"https:\/\/www.geografics.cat\/index.php?rest_route=\/wp\/v2\/posts"}],"about":[{"href":"https:\/\/www.geografics.cat\/index.php?rest_route=\/wp\/v2\/types\/post"}],"author":[{"embeddable":true,"href":"https:\/\/www.geografics.cat\/index.php?rest_route=\/wp\/v2\/users\/1"}],"replies":[{"embeddable":true,"href":"https:\/\/www.geografics.cat\/index.php?rest_route=%2Fwp%2Fv2%2Fcomments&post=61556"}],"version-history":[{"count":0,"href":"https:\/\/www.geografics.cat\/index.php?rest_route=\/wp\/v2\/posts\/61556\/revisions"}],"wp:featuredmedia":[{"embeddable":true,"href":"https:\/\/www.geografics.cat\/index.php?rest_route=\/wp\/v2\/media\/61574"}],"wp:attachment":[{"href":"https:\/\/www.geografics.cat\/index.php?rest_route=%2Fwp%2Fv2%2Fmedia&parent=61556"}],"wp:term":[{"taxonomy":"category","embeddable":true,"href":"https:\/\/www.geografics.cat\/index.php?rest_route=%2Fwp%2Fv2%2Fcategories&post=61556"},{"taxonomy":"post_tag","embeddable":true,"href":"https:\/\/www.geografics.cat\/index.php?rest_route=%2Fwp%2Fv2%2Ftags&post=61556"}],"curies":[{"name":"wp","href":"https:\/\/api.w.org\/{rel}","templated":true}]}}