{"id":64414,"date":"2023-08-25T14:56:46","date_gmt":"2023-08-25T14:56:46","guid":{"rendered":"https:\/\/www.geografics.cat\/?p=64414"},"modified":"2023-08-25T20:50:23","modified_gmt":"2023-08-25T20:50:23","slug":"excursio-al-taga-i-puig-estela","status":"publish","type":"post","link":"https:\/\/www.geografics.cat\/?p=64414","title":{"rendered":"Excursi\u00f3 al Taga i Puig Estela"},"content":{"rendered":"\n<p><em>Ruta tocant la Serra Cavallera, amb sortida i arribada des de Santa Magdalena de Puigsac (Pardines), fem cim al Taga (2040 m), el Puig de Coma d&#8217;Olla (1938 m) i el Puig Estela (2013 m).<\/em><\/p>\n\n\n\n<p>El protagonista d&#8217;avui \u00e9s el\u00a0Taga, un mirador excel\u00b7lent dels cims del\u00a0Pirineu, des d&#8217;on podem contemplar el magn\u00edfic panorama que ens ofereix: el Pedraforca, el Bassegoda, Comanegra, Canig\u00f3, Montseny, Cerver\u00eds, Puigmal, etc&#8230;\u00a0La seva posici\u00f3 dominant sobre les valls del\u00a0Freser\u00a0i del\u00a0Ter\u00a0el fa un punt de refer\u00e8ncia de la comarca.<\/p>\n\n\n\n<p>L&#8217;excursi\u00f3 \u00e9s del 23 d&#8217;agost del 2023. Com a dada curiosa, veureu a les hemeroteques, que fins ara aquest dia ha estat un dels m\u00e9s calorosos en algunes zones de  Catalunya, amb reg\u00edstres r\u00e8cord en molts observatoris.  A l&#8217;\u00e0lbum de fotos veureu importants i boniques nuvolades de tarda que van descarregar de forma local al Pirineu.<\/p>\n\n\n\n<p>\u00c0lbum de fotos entra <a href=\"https:\/\/photos.app.goo.gl\/wuebDQbCXBohoEyA7\" data-type=\"link\" data-id=\"https:\/\/photos.app.goo.gl\/wuebDQbCXBohoEyA7\">aqu\u00cd<\/a><\/p>\n\n\n\n<figure class=\"wp-block-image size-full\"><img data-recalc-dims=\"1\" loading=\"lazy\" decoding=\"async\" width=\"640\" height=\"462\" data-attachment-id=\"64483\" data-permalink=\"https:\/\/www.geografics.cat\/?attachment_id=64483\" data-orig-file=\"https:\/\/i0.wp.com\/www.geografics.cat\/wp-content\/uploads\/2023\/08\/2E512F30-C6E5-4F48-8A0A-F652656434BD_1_201_a-scaled.jpg?fit=2560%2C1847&amp;ssl=1\" data-orig-size=\"2560,1847\" data-comments-opened=\"1\" data-image-meta=\"{&quot;aperture&quot;:&quot;0&quot;,&quot;credit&quot;:&quot;&quot;,&quot;camera&quot;:&quot;&quot;,&quot;caption&quot;:&quot;&quot;,&quot;created_timestamp&quot;:&quot;0&quot;,&quot;copyright&quot;:&quot;&quot;,&quot;focal_length&quot;:&quot;0&quot;,&quot;iso&quot;:&quot;0&quot;,&quot;shutter_speed&quot;:&quot;0&quot;,&quot;title&quot;:&quot;&quot;,&quot;orientation&quot;:&quot;0&quot;}\" data-image-title=\"2E512F30-C6E5-4F48-8A0A-F652656434BD_1_201_a\" data-image-description=\"\" data-image-caption=\"\" data-medium-file=\"https:\/\/i0.wp.com\/www.geografics.cat\/wp-content\/uploads\/2023\/08\/2E512F30-C6E5-4F48-8A0A-F652656434BD_1_201_a-scaled.jpg?fit=300%2C216&amp;ssl=1\" data-large-file=\"https:\/\/i0.wp.com\/www.geografics.cat\/wp-content\/uploads\/2023\/08\/2E512F30-C6E5-4F48-8A0A-F652656434BD_1_201_a-scaled.jpg?fit=640%2C462&amp;ssl=1\" src=\"https:\/\/i0.wp.com\/www.geografics.cat\/wp-content\/uploads\/2023\/08\/2E512F30-C6E5-4F48-8A0A-F652656434BD_1_201_a-scaled.jpg?resize=640%2C462&#038;ssl=1\" alt=\"\" class=\"wp-image-64483\" srcset=\"https:\/\/i0.wp.com\/www.geografics.cat\/wp-content\/uploads\/2023\/08\/2E512F30-C6E5-4F48-8A0A-F652656434BD_1_201_a-scaled.jpg?w=2560&amp;ssl=1 2560w, https:\/\/i0.wp.com\/www.geografics.cat\/wp-content\/uploads\/2023\/08\/2E512F30-C6E5-4F48-8A0A-F652656434BD_1_201_a-scaled.jpg?resize=300%2C216&amp;ssl=1 300w, https:\/\/i0.wp.com\/www.geografics.cat\/wp-content\/uploads\/2023\/08\/2E512F30-C6E5-4F48-8A0A-F652656434BD_1_201_a-scaled.jpg?resize=1024%2C739&amp;ssl=1 1024w, https:\/\/i0.wp.com\/www.geografics.cat\/wp-content\/uploads\/2023\/08\/2E512F30-C6E5-4F48-8A0A-F652656434BD_1_201_a-scaled.jpg?resize=768%2C554&amp;ssl=1 768w, https:\/\/i0.wp.com\/www.geografics.cat\/wp-content\/uploads\/2023\/08\/2E512F30-C6E5-4F48-8A0A-F652656434BD_1_201_a-scaled.jpg?resize=1536%2C1108&amp;ssl=1 1536w, https:\/\/i0.wp.com\/www.geografics.cat\/wp-content\/uploads\/2023\/08\/2E512F30-C6E5-4F48-8A0A-F652656434BD_1_201_a-scaled.jpg?resize=2048%2C1478&amp;ssl=1 2048w, https:\/\/i0.wp.com\/www.geografics.cat\/wp-content\/uploads\/2023\/08\/2E512F30-C6E5-4F48-8A0A-F652656434BD_1_201_a-scaled.jpg?w=1280&amp;ssl=1 1280w, https:\/\/i0.wp.com\/www.geografics.cat\/wp-content\/uploads\/2023\/08\/2E512F30-C6E5-4F48-8A0A-F652656434BD_1_201_a-scaled.jpg?w=1920&amp;ssl=1 1920w\" sizes=\"auto, (max-width: 640px) 100vw, 640px\" \/><\/figure>\n","protected":false},"excerpt":{"rendered":"<p>Ruta tocant la Serra Cavallera, amb<\/p>\n","protected":false},"author":1,"featured_media":64497,"comment_status":"open","ping_status":"open","sticky":false,"template":"","format":"standard","meta":{"_monsterinsights_skip_tracking":false,"_monsterinsights_sitenote_active":false,"_monsterinsights_sitenote_note":"","_monsterinsights_sitenote_category":0,"jetpack_post_was_ever_published":false,"_jetpack_newsletter_access":"","_jetpack_dont_email_post_to_subs":false,"_jetpack_newsletter_tier_id":0,"_jetpack_memberships_contains_paywalled_content":false,"_jetpack_memberships_contains_paid_content":false,"footnotes":"","jetpack_publicize_message":"","jetpack_publicize_feature_enabled":true,"jetpack_social_post_already_shared":true,"jetpack_social_options":{"image_generator_settings":{"template":"highway","default_image_id":0,"font":"","enabled":false},"version":2}},"categories":[4,7,8],"tags":[326,325,323,322],"class_list":["post-64414","post","type-post","status-publish","format-standard","has-post-thumbnail","hentry","category-excursions","category-reportatges","category-rutes","tag-pardines","tag-parines","tag-puig-estela","tag-taga"],"jetpack_publicize_connections":[],"jetpack_featured_media_url":"https:\/\/i0.wp.com\/www.geografics.cat\/wp-content\/uploads\/2023\/08\/A29DFBA4-5B36-4F9E-85D3-06969CB50B42_1_201_a-scaled.jpg?fit=2560%2C1858&ssl=1","jetpack_likes_enabled":true,"jetpack_sharing_enabled":true,"jetpack-related-posts":[],"_links":{"self":[{"href":"https:\/\/www.geografics.cat\/index.php?rest_route=\/wp\/v2\/posts\/64414","targetHints":{"allow":["GET"]}}],"collection":[{"href":"https:\/\/www.geografics.cat\/index.php?rest_route=\/wp\/v2\/posts"}],"about":[{"href":"https:\/\/www.geografics.cat\/index.php?rest_route=\/wp\/v2\/types\/post"}],"author":[{"embeddable":true,"href":"https:\/\/www.geografics.cat\/index.php?rest_route=\/wp\/v2\/users\/1"}],"replies":[{"embeddable":true,"href":"https:\/\/www.geografics.cat\/index.php?rest_route=%2Fwp%2Fv2%2Fcomments&post=64414"}],"version-history":[{"count":0,"href":"https:\/\/www.geografics.cat\/index.php?rest_route=\/wp\/v2\/posts\/64414\/revisions"}],"wp:featuredmedia":[{"embeddable":true,"href":"https:\/\/www.geografics.cat\/index.php?rest_route=\/wp\/v2\/media\/64497"}],"wp:attachment":[{"href":"https:\/\/www.geografics.cat\/index.php?rest_route=%2Fwp%2Fv2%2Fmedia&parent=64414"}],"wp:term":[{"taxonomy":"category","embeddable":true,"href":"https:\/\/www.geografics.cat\/index.php?rest_route=%2Fwp%2Fv2%2Fcategories&post=64414"},{"taxonomy":"post_tag","embeddable":true,"href":"https:\/\/www.geografics.cat\/index.php?rest_route=%2Fwp%2Fv2%2Ftags&post=64414"}],"curies":[{"name":"wp","href":"https:\/\/api.w.org\/{rel}","templated":true}]}}