{"id":67432,"date":"2024-01-20T18:10:48","date_gmt":"2024-01-20T18:10:48","guid":{"rendered":"https:\/\/www.geografics.cat\/?p=67432"},"modified":"2024-01-20T18:11:47","modified_gmt":"2024-01-20T18:11:47","slug":"cami-de-nuria","status":"publish","type":"post","link":"https:\/\/www.geografics.cat\/?p=67432","title":{"rendered":"Cam\u00ed de N\u00faria"},"content":{"rendered":"\n<p>Reportatge fotogr\u00e0fic del conegut cam\u00ed vell de N\u00faria, des de Queralbs, amb les primeres neus de l&#8217;any. La sortida \u00e9s del dissabte 13 de gener del 2024, pocs dies despr\u00e9s d&#8217;una petita llevantada que ens va deixar aquests bonics paisatges. Com sempre l&#8217;excursi\u00f3 i la visita a N\u00faria ha tingut premi. Espero que us agradi el reportatge i que ben aviat caigui la bona nevada que necessitem.<\/p>\n\n\n\n<p>Enlla\u00e7 a l&#8217;\u00e0lbum de fotos, <a href=\"https:\/\/photos.app.goo.gl\/C7En6DmpS172zAnY8\" data-type=\"link\" data-id=\"https:\/\/photos.app.goo.gl\/C7En6DmpS172zAnY8\">entra aqu\u00ed.<\/a><\/p>\n\n\n\n<figure class=\"wp-block-image size-full is-resized\"><img data-recalc-dims=\"1\" loading=\"lazy\" decoding=\"async\" width=\"640\" height=\"400\" data-attachment-id=\"67443\" data-permalink=\"https:\/\/www.geografics.cat\/?attachment_id=67443\" data-orig-file=\"https:\/\/i0.wp.com\/www.geografics.cat\/wp-content\/uploads\/2024\/01\/P1210695-edited-scaled.jpg?fit=2560%2C1600&amp;ssl=1\" data-orig-size=\"2560,1600\" data-comments-opened=\"1\" data-image-meta=\"{&quot;aperture&quot;:&quot;0&quot;,&quot;credit&quot;:&quot;&quot;,&quot;camera&quot;:&quot;&quot;,&quot;caption&quot;:&quot;&quot;,&quot;created_timestamp&quot;:&quot;0&quot;,&quot;copyright&quot;:&quot;&quot;,&quot;focal_length&quot;:&quot;0&quot;,&quot;iso&quot;:&quot;0&quot;,&quot;shutter_speed&quot;:&quot;0&quot;,&quot;title&quot;:&quot;&quot;,&quot;orientation&quot;:&quot;0&quot;}\" data-image-title=\"P1210695\" data-image-description=\"\" data-image-caption=\"\" data-medium-file=\"https:\/\/i0.wp.com\/www.geografics.cat\/wp-content\/uploads\/2024\/01\/P1210695-edited-scaled.jpg?fit=300%2C188&amp;ssl=1\" data-large-file=\"https:\/\/i0.wp.com\/www.geografics.cat\/wp-content\/uploads\/2024\/01\/P1210695-edited-scaled.jpg?fit=640%2C400&amp;ssl=1\" src=\"https:\/\/i0.wp.com\/www.geografics.cat\/wp-content\/uploads\/2024\/01\/P1210695-edited-scaled.jpg?resize=640%2C400&#038;ssl=1\" alt=\"\" class=\"wp-image-67443\" style=\"width:838px;height:auto\" srcset=\"https:\/\/i0.wp.com\/www.geografics.cat\/wp-content\/uploads\/2024\/01\/P1210695-edited-scaled.jpg?w=2560&amp;ssl=1 2560w, https:\/\/i0.wp.com\/www.geografics.cat\/wp-content\/uploads\/2024\/01\/P1210695-edited-scaled.jpg?resize=300%2C188&amp;ssl=1 300w, https:\/\/i0.wp.com\/www.geografics.cat\/wp-content\/uploads\/2024\/01\/P1210695-edited-scaled.jpg?resize=1024%2C640&amp;ssl=1 1024w, https:\/\/i0.wp.com\/www.geografics.cat\/wp-content\/uploads\/2024\/01\/P1210695-edited-scaled.jpg?resize=768%2C480&amp;ssl=1 768w, https:\/\/i0.wp.com\/www.geografics.cat\/wp-content\/uploads\/2024\/01\/P1210695-edited-scaled.jpg?resize=1536%2C960&amp;ssl=1 1536w, https:\/\/i0.wp.com\/www.geografics.cat\/wp-content\/uploads\/2024\/01\/P1210695-edited-scaled.jpg?resize=2048%2C1280&amp;ssl=1 2048w, https:\/\/i0.wp.com\/www.geografics.cat\/wp-content\/uploads\/2024\/01\/P1210695-edited-scaled.jpg?w=1280&amp;ssl=1 1280w, https:\/\/i0.wp.com\/www.geografics.cat\/wp-content\/uploads\/2024\/01\/P1210695-edited-scaled.jpg?w=1920&amp;ssl=1 1920w\" sizes=\"auto, (max-width: 640px) 100vw, 640px\" \/><\/figure>\n\n\n\n<p>.   <\/p>\n","protected":false},"excerpt":{"rendered":"<p>Reportatge fotogr\u00e0fic del conegut cam\u00ed vell<\/p>\n","protected":false},"author":1,"featured_media":67441,"comment_status":"open","ping_status":"open","sticky":false,"template":"","format":"standard","meta":{"_monsterinsights_skip_tracking":false,"_monsterinsights_sitenote_active":false,"_monsterinsights_sitenote_note":"","_monsterinsights_sitenote_category":0,"jetpack_post_was_ever_published":false,"_jetpack_newsletter_access":"","_jetpack_dont_email_post_to_subs":false,"_jetpack_newsletter_tier_id":0,"_jetpack_memberships_contains_paywalled_content":false,"_jetpack_memberships_contains_paid_content":false,"footnotes":"","jetpack_publicize_message":"","jetpack_publicize_feature_enabled":true,"jetpack_social_post_already_shared":true,"jetpack_social_options":{"image_generator_settings":{"template":"highway","default_image_id":0,"font":"","enabled":false},"version":2}},"categories":[4,7,8],"tags":[114,117,149,161,203],"class_list":["post-67432","post","type-post","status-publish","format-standard","has-post-thumbnail","hentry","category-excursions","category-reportatges","category-rutes","tag-muntanya","tag-nuria","tag-pirineu","tag-queralbs","tag-valldenuria"],"jetpack_publicize_connections":[],"jetpack_featured_media_url":"https:\/\/i0.wp.com\/www.geografics.cat\/wp-content\/uploads\/2024\/01\/P1210716-scaled.jpg?fit=2560%2C1920&ssl=1","jetpack_likes_enabled":true,"jetpack_sharing_enabled":true,"jetpack-related-posts":[],"_links":{"self":[{"href":"https:\/\/www.geografics.cat\/index.php?rest_route=\/wp\/v2\/posts\/67432","targetHints":{"allow":["GET"]}}],"collection":[{"href":"https:\/\/www.geografics.cat\/index.php?rest_route=\/wp\/v2\/posts"}],"about":[{"href":"https:\/\/www.geografics.cat\/index.php?rest_route=\/wp\/v2\/types\/post"}],"author":[{"embeddable":true,"href":"https:\/\/www.geografics.cat\/index.php?rest_route=\/wp\/v2\/users\/1"}],"replies":[{"embeddable":true,"href":"https:\/\/www.geografics.cat\/index.php?rest_route=%2Fwp%2Fv2%2Fcomments&post=67432"}],"version-history":[{"count":0,"href":"https:\/\/www.geografics.cat\/index.php?rest_route=\/wp\/v2\/posts\/67432\/revisions"}],"wp:featuredmedia":[{"embeddable":true,"href":"https:\/\/www.geografics.cat\/index.php?rest_route=\/wp\/v2\/media\/67441"}],"wp:attachment":[{"href":"https:\/\/www.geografics.cat\/index.php?rest_route=%2Fwp%2Fv2%2Fmedia&parent=67432"}],"wp:term":[{"taxonomy":"category","embeddable":true,"href":"https:\/\/www.geografics.cat\/index.php?rest_route=%2Fwp%2Fv2%2Fcategories&post=67432"},{"taxonomy":"post_tag","embeddable":true,"href":"https:\/\/www.geografics.cat\/index.php?rest_route=%2Fwp%2Fv2%2Ftags&post=67432"}],"curies":[{"name":"wp","href":"https:\/\/api.w.org\/{rel}","templated":true}]}}