{"id":68850,"date":"2024-04-06T14:35:00","date_gmt":"2024-04-06T14:35:00","guid":{"rendered":"https:\/\/www.geografics.cat\/?p=68850"},"modified":"2024-04-07T18:58:58","modified_gmt":"2024-04-07T18:58:58","slug":"mirant-al-pedraforca","status":"publish","type":"post","link":"https:\/\/www.geografics.cat\/?p=68850","title":{"rendered":"Mirant al Pedraforca"},"content":{"rendered":"\n<p>Espectacular ruta pels voltants del Pedraforca, feta el dilluns de Pasqua 1 d&#8217;abril. Despr\u00e9s d&#8217;una bona nevada, les vistes s\u00f3n realment boniques i el dia d&#8217;excursi\u00f3  formidable.<\/p>\n\n\n\n<p class=\"has-black-color has-text-color has-link-color wp-elements-864dcec42f28cfc35fab7232e1766774\">Aquest <em><a href=\"https:\/\/parcsnaturals.gencat.cat\/ca\/xarxa-de-parcs\/pedraforca\/inici\/\" data-type=\"link\" data-id=\"https:\/\/parcsnaturals.gencat.cat\/ca\/xarxa-de-parcs\/pedraforca\/inici\/\" target=\"_blank\" rel=\"noreferrer noopener\">Paratge Natural d&#8217;Inter\u00e8s Nacional del Mass\u00eds del Pedraforca<\/a><\/em>  ens permet gaudir d&#8217;una de les zones m\u00e9s emblem\u00e0tiques de Catalunya.  El Pedraforca, majestu\u00f3s, destaca en tot moment. Amb la seva silueta tant caracter\u00edstica, \u00e9s un dels s\u00edmbols de l&#8217;excursionisme catal\u00e0.<\/p>\n\n\n\n<p>Us comparteixo en aquest <a href=\"https:\/\/photos.app.goo.gl\/a4noe56pkxcXF1aK9\" data-type=\"link\" data-id=\"https:\/\/photos.app.goo.gl\/a4noe56pkxcXF1aK9\" target=\"_blank\" rel=\"noreferrer noopener\">\u00e0lbum de fotos<\/a> uns paisatges realment bonics. Espero que us agradin!<\/p>\n\n\n\n<figure class=\"wp-block-image size-full\"><img data-recalc-dims=\"1\" loading=\"lazy\" decoding=\"async\" width=\"640\" height=\"311\" data-attachment-id=\"68852\" data-permalink=\"https:\/\/www.geografics.cat\/?attachment_id=68852\" data-orig-file=\"https:\/\/i0.wp.com\/www.geografics.cat\/wp-content\/uploads\/2024\/04\/P1220025-scaled.jpg?fit=2560%2C1243&amp;ssl=1\" data-orig-size=\"2560,1243\" data-comments-opened=\"1\" data-image-meta=\"{&quot;aperture&quot;:&quot;0&quot;,&quot;credit&quot;:&quot;&quot;,&quot;camera&quot;:&quot;&quot;,&quot;caption&quot;:&quot;&quot;,&quot;created_timestamp&quot;:&quot;0&quot;,&quot;copyright&quot;:&quot;&quot;,&quot;focal_length&quot;:&quot;0&quot;,&quot;iso&quot;:&quot;0&quot;,&quot;shutter_speed&quot;:&quot;0&quot;,&quot;title&quot;:&quot;&quot;,&quot;orientation&quot;:&quot;0&quot;}\" data-image-title=\"P1220025\" data-image-description=\"\" data-image-caption=\"\" data-medium-file=\"https:\/\/i0.wp.com\/www.geografics.cat\/wp-content\/uploads\/2024\/04\/P1220025-scaled.jpg?fit=300%2C146&amp;ssl=1\" data-large-file=\"https:\/\/i0.wp.com\/www.geografics.cat\/wp-content\/uploads\/2024\/04\/P1220025-scaled.jpg?fit=640%2C311&amp;ssl=1\" src=\"https:\/\/i0.wp.com\/www.geografics.cat\/wp-content\/uploads\/2024\/04\/P1220025-scaled.jpg?resize=640%2C311&#038;ssl=1\" alt=\"\" class=\"wp-image-68852\" srcset=\"https:\/\/i0.wp.com\/www.geografics.cat\/wp-content\/uploads\/2024\/04\/P1220025-scaled.jpg?w=2560&amp;ssl=1 2560w, https:\/\/i0.wp.com\/www.geografics.cat\/wp-content\/uploads\/2024\/04\/P1220025-scaled.jpg?resize=300%2C146&amp;ssl=1 300w, https:\/\/i0.wp.com\/www.geografics.cat\/wp-content\/uploads\/2024\/04\/P1220025-scaled.jpg?resize=1024%2C497&amp;ssl=1 1024w, https:\/\/i0.wp.com\/www.geografics.cat\/wp-content\/uploads\/2024\/04\/P1220025-scaled.jpg?resize=768%2C373&amp;ssl=1 768w, https:\/\/i0.wp.com\/www.geografics.cat\/wp-content\/uploads\/2024\/04\/P1220025-scaled.jpg?resize=1536%2C746&amp;ssl=1 1536w, https:\/\/i0.wp.com\/www.geografics.cat\/wp-content\/uploads\/2024\/04\/P1220025-scaled.jpg?resize=2048%2C994&amp;ssl=1 2048w, https:\/\/i0.wp.com\/www.geografics.cat\/wp-content\/uploads\/2024\/04\/P1220025-scaled.jpg?w=1280&amp;ssl=1 1280w, https:\/\/i0.wp.com\/www.geografics.cat\/wp-content\/uploads\/2024\/04\/P1220025-scaled.jpg?w=1920&amp;ssl=1 1920w\" sizes=\"auto, (max-width: 640px) 100vw, 640px\" \/><\/figure>\n","protected":false},"excerpt":{"rendered":"<p>Espectacular ruta pels voltants del Pedraforca,<\/p>\n","protected":false},"author":1,"featured_media":68853,"comment_status":"open","ping_status":"open","sticky":false,"template":"","format":"standard","meta":{"_monsterinsights_skip_tracking":false,"_monsterinsights_sitenote_active":false,"_monsterinsights_sitenote_note":"","_monsterinsights_sitenote_category":0,"jetpack_post_was_ever_published":false,"_jetpack_newsletter_access":"","_jetpack_dont_email_post_to_subs":false,"_jetpack_newsletter_tier_id":0,"_jetpack_memberships_contains_paywalled_content":false,"_jetpack_memberships_contains_paid_content":false,"footnotes":"","jetpack_publicize_message":"","jetpack_publicize_feature_enabled":true,"jetpack_social_post_already_shared":true,"jetpack_social_options":{"image_generator_settings":{"template":"highway","default_image_id":0,"font":"","enabled":false},"version":2}},"categories":[4,7],"tags":[28,251,119,139,163],"class_list":["post-68850","post","type-post","status-publish","format-standard","has-post-thumbnail","hentry","category-excursions","category-reportatges","tag-bergueda","tag-gisclareny","tag-neu","tag-pedraforca","tag-raquetada"],"jetpack_publicize_connections":[],"jetpack_featured_media_url":"https:\/\/i0.wp.com\/www.geografics.cat\/wp-content\/uploads\/2024\/04\/P1210993-scaled.jpg?fit=2560%2C1920&ssl=1","jetpack_likes_enabled":true,"jetpack_sharing_enabled":true,"jetpack-related-posts":[],"_links":{"self":[{"href":"https:\/\/www.geografics.cat\/index.php?rest_route=\/wp\/v2\/posts\/68850","targetHints":{"allow":["GET"]}}],"collection":[{"href":"https:\/\/www.geografics.cat\/index.php?rest_route=\/wp\/v2\/posts"}],"about":[{"href":"https:\/\/www.geografics.cat\/index.php?rest_route=\/wp\/v2\/types\/post"}],"author":[{"embeddable":true,"href":"https:\/\/www.geografics.cat\/index.php?rest_route=\/wp\/v2\/users\/1"}],"replies":[{"embeddable":true,"href":"https:\/\/www.geografics.cat\/index.php?rest_route=%2Fwp%2Fv2%2Fcomments&post=68850"}],"version-history":[{"count":0,"href":"https:\/\/www.geografics.cat\/index.php?rest_route=\/wp\/v2\/posts\/68850\/revisions"}],"wp:featuredmedia":[{"embeddable":true,"href":"https:\/\/www.geografics.cat\/index.php?rest_route=\/wp\/v2\/media\/68853"}],"wp:attachment":[{"href":"https:\/\/www.geografics.cat\/index.php?rest_route=%2Fwp%2Fv2%2Fmedia&parent=68850"}],"wp:term":[{"taxonomy":"category","embeddable":true,"href":"https:\/\/www.geografics.cat\/index.php?rest_route=%2Fwp%2Fv2%2Fcategories&post=68850"},{"taxonomy":"post_tag","embeddable":true,"href":"https:\/\/www.geografics.cat\/index.php?rest_route=%2Fwp%2Fv2%2Ftags&post=68850"}],"curies":[{"name":"wp","href":"https:\/\/api.w.org\/{rel}","templated":true}]}}