{"id":69971,"date":"2024-05-18T17:50:35","date_gmt":"2024-05-18T17:50:35","guid":{"rendered":"https:\/\/www.geografics.cat\/?p=69971"},"modified":"2024-05-18T17:50:39","modified_gmt":"2024-05-18T17:50:39","slug":"bellmunt-i-salt-del-moli","status":"publish","type":"post","link":"https:\/\/www.geografics.cat\/?p=69971","title":{"rendered":"Bellmunt i Salt del Mol\u00ed"},"content":{"rendered":"\n<p>Reportatge fotogr\u00e0fic de la sortida circular  Vidr\u00e0 &#8211; Bellmunt &#8211; Salt del Mol\u00ed &#8211; Vidr\u00e0. Els colors verd primavera i l&#8217;abundant aigua al Salt de Mol\u00ed, despr\u00e9s de les esperades pluges, fan que hagi estat una excursi\u00f3 amb molt premi! <em>(feta l&#8217;1 de maig del 2024).<\/em><\/p>\n\n\n\n<p>\u00c0lbum de <a href=\"https:\/\/photos.app.goo.gl\/szWYrYRPcAvFQ59w5\" data-type=\"link\" data-id=\"https:\/\/photos.app.goo.gl\/szWYrYRPcAvFQ59w5\">fotos aqu\u00ed<\/a><\/p>\n\n\n\n<figure class=\"wp-block-gallery has-nested-images columns-default is-cropped wp-block-gallery-1 is-layout-flex wp-block-gallery-is-layout-flex\">\n<figure class=\"wp-block-image size-large\"><img data-recalc-dims=\"1\" loading=\"lazy\" decoding=\"async\" width=\"640\" height=\"243\" data-attachment-id=\"69972\" data-permalink=\"https:\/\/www.geografics.cat\/?attachment_id=69972\" data-orig-file=\"https:\/\/i0.wp.com\/www.geografics.cat\/wp-content\/uploads\/2024\/05\/P1220155.jpg?fit=2256%2C856&amp;ssl=1\" data-orig-size=\"2256,856\" data-comments-opened=\"1\" data-image-meta=\"{&quot;aperture&quot;:&quot;0&quot;,&quot;credit&quot;:&quot;&quot;,&quot;camera&quot;:&quot;&quot;,&quot;caption&quot;:&quot;&quot;,&quot;created_timestamp&quot;:&quot;0&quot;,&quot;copyright&quot;:&quot;&quot;,&quot;focal_length&quot;:&quot;0&quot;,&quot;iso&quot;:&quot;0&quot;,&quot;shutter_speed&quot;:&quot;0&quot;,&quot;title&quot;:&quot;&quot;,&quot;orientation&quot;:&quot;1&quot;}\" data-image-title=\"P1220155\" data-image-description=\"\" data-image-caption=\"\" data-medium-file=\"https:\/\/i0.wp.com\/www.geografics.cat\/wp-content\/uploads\/2024\/05\/P1220155.jpg?fit=300%2C114&amp;ssl=1\" data-large-file=\"https:\/\/i0.wp.com\/www.geografics.cat\/wp-content\/uploads\/2024\/05\/P1220155.jpg?fit=640%2C243&amp;ssl=1\" data-id=\"69972\" src=\"https:\/\/i0.wp.com\/www.geografics.cat\/wp-content\/uploads\/2024\/05\/P1220155.jpg?resize=640%2C243&#038;ssl=1\" alt=\"\" class=\"wp-image-69972\" srcset=\"https:\/\/i0.wp.com\/www.geografics.cat\/wp-content\/uploads\/2024\/05\/P1220155.jpg?resize=1024%2C389&amp;ssl=1 1024w, https:\/\/i0.wp.com\/www.geografics.cat\/wp-content\/uploads\/2024\/05\/P1220155.jpg?resize=300%2C114&amp;ssl=1 300w, https:\/\/i0.wp.com\/www.geografics.cat\/wp-content\/uploads\/2024\/05\/P1220155.jpg?resize=768%2C291&amp;ssl=1 768w, https:\/\/i0.wp.com\/www.geografics.cat\/wp-content\/uploads\/2024\/05\/P1220155.jpg?resize=1536%2C583&amp;ssl=1 1536w, https:\/\/i0.wp.com\/www.geografics.cat\/wp-content\/uploads\/2024\/05\/P1220155.jpg?resize=2048%2C777&amp;ssl=1 2048w, https:\/\/i0.wp.com\/www.geografics.cat\/wp-content\/uploads\/2024\/05\/P1220155.jpg?w=1280&amp;ssl=1 1280w, https:\/\/i0.wp.com\/www.geografics.cat\/wp-content\/uploads\/2024\/05\/P1220155.jpg?w=1920&amp;ssl=1 1920w\" sizes=\"auto, (max-width: 640px) 100vw, 640px\" \/><\/figure>\n<\/figure>\n\n\n\n<p><\/p>\n","protected":false},"excerpt":{"rendered":"<p>Reportatge fotogr\u00e0fic de la sortida circular<\/p>\n","protected":false},"author":1,"featured_media":69973,"comment_status":"open","ping_status":"open","sticky":false,"template":"","format":"standard","meta":{"_monsterinsights_skip_tracking":false,"_monsterinsights_sitenote_active":false,"_monsterinsights_sitenote_note":"","_monsterinsights_sitenote_category":0,"jetpack_post_was_ever_published":false,"_jetpack_newsletter_access":"","_jetpack_dont_email_post_to_subs":false,"_jetpack_newsletter_tier_id":0,"_jetpack_memberships_contains_paywalled_content":false,"_jetpack_memberships_contains_paid_content":false,"footnotes":"","jetpack_publicize_message":"","jetpack_publicize_feature_enabled":true,"jetpack_social_post_already_shared":true,"jetpack_social_options":{"image_generator_settings":{"template":"highway","default_image_id":0,"font":"","enabled":false},"version":2}},"categories":[4,7,8],"tags":[26,68,115,126,335,181,209],"class_list":["post-69971","post","type-post","status-publish","format-standard","has-post-thumbnail","hentry","category-excursions","category-reportatges","category-rutes","tag-bellmunt","tag-excursions","tag-natura","tag-osona","tag-santuari-de-bellmunt","tag-senderisme","tag-vidra"],"jetpack_publicize_connections":[],"jetpack_featured_media_url":"https:\/\/i0.wp.com\/www.geografics.cat\/wp-content\/uploads\/2024\/05\/P1220177-scaled.jpg?fit=2560%2C1920&ssl=1","jetpack_likes_enabled":true,"jetpack_sharing_enabled":true,"jetpack-related-posts":[],"_links":{"self":[{"href":"https:\/\/www.geografics.cat\/index.php?rest_route=\/wp\/v2\/posts\/69971","targetHints":{"allow":["GET"]}}],"collection":[{"href":"https:\/\/www.geografics.cat\/index.php?rest_route=\/wp\/v2\/posts"}],"about":[{"href":"https:\/\/www.geografics.cat\/index.php?rest_route=\/wp\/v2\/types\/post"}],"author":[{"embeddable":true,"href":"https:\/\/www.geografics.cat\/index.php?rest_route=\/wp\/v2\/users\/1"}],"replies":[{"embeddable":true,"href":"https:\/\/www.geografics.cat\/index.php?rest_route=%2Fwp%2Fv2%2Fcomments&post=69971"}],"version-history":[{"count":0,"href":"https:\/\/www.geografics.cat\/index.php?rest_route=\/wp\/v2\/posts\/69971\/revisions"}],"wp:featuredmedia":[{"embeddable":true,"href":"https:\/\/www.geografics.cat\/index.php?rest_route=\/wp\/v2\/media\/69973"}],"wp:attachment":[{"href":"https:\/\/www.geografics.cat\/index.php?rest_route=%2Fwp%2Fv2%2Fmedia&parent=69971"}],"wp:term":[{"taxonomy":"category","embeddable":true,"href":"https:\/\/www.geografics.cat\/index.php?rest_route=%2Fwp%2Fv2%2Fcategories&post=69971"},{"taxonomy":"post_tag","embeddable":true,"href":"https:\/\/www.geografics.cat\/index.php?rest_route=%2Fwp%2Fv2%2Ftags&post=69971"}],"curies":[{"name":"wp","href":"https:\/\/api.w.org\/{rel}","templated":true}]}}