{"id":71554,"date":"2024-08-16T18:37:50","date_gmt":"2024-08-16T18:37:50","guid":{"rendered":"https:\/\/www.geografics.cat\/?p=71554"},"modified":"2024-08-16T18:41:28","modified_gmt":"2024-08-16T18:41:28","slug":"ruta-circular-al-puigmal","status":"publish","type":"post","link":"https:\/\/www.geografics.cat\/?p=71554","title":{"rendered":"Ruta circular al Puigmal"},"content":{"rendered":"\n<p><em><strong>Des del Coll de les Barraques, i tornada per la Baga de les Clotes, Font de l&#8217;Home Mort i de nou fins al Coll de les Barraques.<\/strong><\/em><\/p>\n\n\n\n<p>Bona ruta circular al Puigmal d&#8217;uns 16 km. Potser menys habitual que altres rutes m\u00e9s t\u00edpiques. En aquest cas comencem des del <em>Collet de les Barraques<\/em> seguint la pista i les indicacions cap el <strong>Puigmal<\/strong>. Paral\u00b7lels al filat i en pujada constant arribem al Pas dels Lladres, l\u00edmit amb Fran\u00e7a. Continuem per la pista fins el darrer tram empedrat, en el que arribem al Puigmal. <\/p>\n\n\n\n<p>La tornada la fem agafant el cam\u00ed cap a Fontalba, per\u00f2 aproximadament a 1 km des de que hem baixat del cim, girem cap a l&#8217;Oest i comencem a baixar per la <em>Baga de les Clotes<\/em>. S&#8217;ha de dir que el cam\u00ed no est\u00e0 gaire clar, tot i que hi han algunes fites. Es una baixada fins el <em>riu de les Clotes<\/em> \u00e9s algo inc\u00f2moda, per\u00f2 sense p\u00e8rdua. La ruta a wikiloc us pot ajudar a anar m\u00e9s tranquils. Seguim fins a la <em>Font de l&#8217;Home Mort.<\/em> Des d&#8217;all\u00e0 pel <em>GR-11,<\/em> ja en el tram final de l&#8217;excursi\u00f3 fins al <em>Collet de les Barraques<\/em>. Una bona excursi\u00f3 al <strong>Puigmal<\/strong>, amb una bona panor\u00e0mica del cam\u00ed de pujada i una nova variant en el descens. Excursi\u00f3 feta el 12 d&#8217;agost del 2024.<\/p>\n\n\n\n<p>Adjunto <a href=\"https:\/\/photos.app.goo.gl\/rcbdV7jeHFWRR7kf9\" target=\"_blank\" rel=\"noreferrer noopener\">\u00e0lbum de fotos<\/a> i ruta a <a href=\"https:\/\/ca.wikiloc.com\/rutes-senderisme\/circular-collet-de-les-barraques-puigmal-font-de-lhome-mort-collet-de-les-barrques-180831186\" data-type=\"link\" data-id=\"https:\/\/ca.wikiloc.com\/rutes-senderisme\/circular-collet-de-les-barraques-puigmal-font-de-lhome-mort-collet-de-les-barrques-180831186\" target=\"_blank\" rel=\"noreferrer noopener\">wikiloc<\/a>.<\/p>\n\n\n\n<iframe loading=\"lazy\" frameBorder=\"0\" scrolling=\"no\" src=\"https:\/\/ca.wikiloc.com\/wikiloc\/embedv2.do?id=180831186&#038;elevation=on&#038;images=on&#038;maptype=H\" width=\"600\" height=\"500\"><\/iframe><div style=\"color:#777;font-size:11px;line-height:16px;\">Powered by&nbsp;<a style=\"color:#4C8C2B;font-size:11px;line-height:16px;\" target=\"_blank\" href=\"https:\/\/ca.wikiloc.com\" rel=\"noopener\">Wikiloc<\/a><\/div>\n","protected":false},"excerpt":{"rendered":"<p>Des del Coll de les Barraques,<\/p>\n","protected":false},"author":1,"featured_media":71557,"comment_status":"open","ping_status":"open","sticky":false,"template":"","format":"standard","meta":{"_monsterinsights_skip_tracking":false,"_monsterinsights_sitenote_active":false,"_monsterinsights_sitenote_note":"","_monsterinsights_sitenote_category":0,"jetpack_post_was_ever_published":false,"_jetpack_newsletter_access":"","_jetpack_dont_email_post_to_subs":false,"_jetpack_newsletter_tier_id":0,"_jetpack_memberships_contains_paywalled_content":false,"_jetpack_memberships_contains_paid_content":false,"footnotes":"","jetpack_publicize_message":"","jetpack_publicize_feature_enabled":true,"jetpack_social_post_already_shared":true,"jetpack_social_options":{"image_generator_settings":{"template":"highway","default_image_id":0,"font":"","enabled":false},"version":2}},"categories":[4,7,8],"tags":[342,281,156],"class_list":["post-71554","post","type-post","status-publish","format-standard","has-post-thumbnail","hentry","category-excursions","category-reportatges","category-rutes","tag-collet-de-les-barraques","tag-font-home-mort","tag-puigmal"],"jetpack_publicize_connections":[],"jetpack_featured_media_url":"https:\/\/i0.wp.com\/www.geografics.cat\/wp-content\/uploads\/2024\/08\/98290084-1DB3-46A4-B2D8-B860D06026F7_1_201_a-scaled.jpg?fit=2560%2C1827&ssl=1","jetpack_likes_enabled":true,"jetpack_sharing_enabled":true,"jetpack-related-posts":[],"_links":{"self":[{"href":"https:\/\/www.geografics.cat\/index.php?rest_route=\/wp\/v2\/posts\/71554","targetHints":{"allow":["GET"]}}],"collection":[{"href":"https:\/\/www.geografics.cat\/index.php?rest_route=\/wp\/v2\/posts"}],"about":[{"href":"https:\/\/www.geografics.cat\/index.php?rest_route=\/wp\/v2\/types\/post"}],"author":[{"embeddable":true,"href":"https:\/\/www.geografics.cat\/index.php?rest_route=\/wp\/v2\/users\/1"}],"replies":[{"embeddable":true,"href":"https:\/\/www.geografics.cat\/index.php?rest_route=%2Fwp%2Fv2%2Fcomments&post=71554"}],"version-history":[{"count":0,"href":"https:\/\/www.geografics.cat\/index.php?rest_route=\/wp\/v2\/posts\/71554\/revisions"}],"wp:featuredmedia":[{"embeddable":true,"href":"https:\/\/www.geografics.cat\/index.php?rest_route=\/wp\/v2\/media\/71557"}],"wp:attachment":[{"href":"https:\/\/www.geografics.cat\/index.php?rest_route=%2Fwp%2Fv2%2Fmedia&parent=71554"}],"wp:term":[{"taxonomy":"category","embeddable":true,"href":"https:\/\/www.geografics.cat\/index.php?rest_route=%2Fwp%2Fv2%2Fcategories&post=71554"},{"taxonomy":"post_tag","embeddable":true,"href":"https:\/\/www.geografics.cat\/index.php?rest_route=%2Fwp%2Fv2%2Ftags&post=71554"}],"curies":[{"name":"wp","href":"https:\/\/api.w.org\/{rel}","templated":true}]}}