{"id":71753,"date":"2024-08-23T15:02:28","date_gmt":"2024-08-23T15:02:28","guid":{"rendered":"https:\/\/www.geografics.cat\/?p=71753"},"modified":"2024-09-10T10:12:11","modified_gmt":"2024-09-10T10:12:11","slug":"al-balandrau-2","status":"publish","type":"post","link":"https:\/\/www.geografics.cat\/?p=71753","title":{"rendered":"Al Balandrau"},"content":{"rendered":"\n<ul class=\"wp-block-social-links has-small-icon-size is-style-pill-shape is-content-justification-left is-layout-flex wp-container-core-social-links-is-layout-fdcfc74e wp-block-social-links-is-layout-flex\"><\/ul>\n\n\n\n<p>Bona excursi\u00f3 circular al Balandrau des del Serrat, i tornant per la coma de Freser. Cal destacar les bones panor\u00e0miques des del cim del Balandrau, del Puigmal, Bastiments, etc&#8230; Cal estar pendents d&#8217;agafar el cam\u00ed que ens porta a El Serrat, passant el Pont de les Ribes. Aquesta part final, de pujada es pot fer una mica pesada. Ambtot es tracta d&#8217;una molt bona excursi\u00f3.<\/p>\n\n\n\n<p>\u00c0lbum de fotos <a href=\"https:\/\/photos.app.goo.gl\/3EAxYoG9zwSdX2Qf8\" data-type=\"link\" data-id=\"https:\/\/photos.app.goo.gl\/3EAxYoG9zwSdX2Qf8\" target=\"_blank\" rel=\"noreferrer noopener\">entra aqu\u00ed<\/a><\/p>\n\n\n\n<p>Ruta a wikiloc<\/p>\n\n\n\n<iframe loading=\"lazy\" frameBorder=\"0\" scrolling=\"no\" src=\"https:\/\/ca.wikiloc.com\/wikiloc\/embedv2.do?id=181725477&#038;elevation=on&#038;images=off&#038;maptype=T\" width=\"600\" height=\"500\"><\/iframe><div style=\"color:#777;font-size:11px;line-height:16px;\">Powered by&nbsp;<a style=\"color:#4C8C2B;font-size:11px;line-height:16px;\" target=\"_blank\" href=\"https:\/\/ca.wikiloc.com\" rel=\"noopener\">Wikiloc<\/a><\/div>\n","protected":false},"excerpt":{"rendered":"<p>Bona excursi\u00f3 circular al Balandrau des<\/p>\n","protected":false},"author":1,"featured_media":71756,"comment_status":"open","ping_status":"open","sticky":false,"template":"","format":"standard","meta":{"_monsterinsights_skip_tracking":false,"_monsterinsights_sitenote_active":false,"_monsterinsights_sitenote_note":"","_monsterinsights_sitenote_category":0,"jetpack_post_was_ever_published":false,"_jetpack_newsletter_access":"","_jetpack_dont_email_post_to_subs":false,"_jetpack_newsletter_tier_id":0,"_jetpack_memberships_contains_paywalled_content":false,"_jetpack_memberships_contains_paid_content":false,"footnotes":"","jetpack_publicize_message":"","jetpack_publicize_feature_enabled":true,"jetpack_social_post_already_shared":true,"jetpack_social_options":{"image_generator_settings":{"template":"highway","default_image_id":0,"font":"","enabled":false},"version":2}},"categories":[4,7,8],"tags":[19,52],"class_list":["post-71753","post","type-post","status-publish","format-standard","has-post-thumbnail","hentry","category-excursions","category-reportatges","category-rutes","tag-balandrau","tag-coma-de-vaca"],"jetpack_publicize_connections":[],"jetpack_featured_media_url":"https:\/\/i0.wp.com\/www.geografics.cat\/wp-content\/uploads\/2024\/08\/P1220827-scaled.jpg?fit=2560%2C1920&ssl=1","jetpack_likes_enabled":true,"jetpack_sharing_enabled":true,"jetpack-related-posts":[],"_links":{"self":[{"href":"https:\/\/www.geografics.cat\/index.php?rest_route=\/wp\/v2\/posts\/71753","targetHints":{"allow":["GET"]}}],"collection":[{"href":"https:\/\/www.geografics.cat\/index.php?rest_route=\/wp\/v2\/posts"}],"about":[{"href":"https:\/\/www.geografics.cat\/index.php?rest_route=\/wp\/v2\/types\/post"}],"author":[{"embeddable":true,"href":"https:\/\/www.geografics.cat\/index.php?rest_route=\/wp\/v2\/users\/1"}],"replies":[{"embeddable":true,"href":"https:\/\/www.geografics.cat\/index.php?rest_route=%2Fwp%2Fv2%2Fcomments&post=71753"}],"version-history":[{"count":0,"href":"https:\/\/www.geografics.cat\/index.php?rest_route=\/wp\/v2\/posts\/71753\/revisions"}],"wp:featuredmedia":[{"embeddable":true,"href":"https:\/\/www.geografics.cat\/index.php?rest_route=\/wp\/v2\/media\/71756"}],"wp:attachment":[{"href":"https:\/\/www.geografics.cat\/index.php?rest_route=%2Fwp%2Fv2%2Fmedia&parent=71753"}],"wp:term":[{"taxonomy":"category","embeddable":true,"href":"https:\/\/www.geografics.cat\/index.php?rest_route=%2Fwp%2Fv2%2Fcategories&post=71753"},{"taxonomy":"post_tag","embeddable":true,"href":"https:\/\/www.geografics.cat\/index.php?rest_route=%2Fwp%2Fv2%2Ftags&post=71753"}],"curies":[{"name":"wp","href":"https:\/\/api.w.org\/{rel}","templated":true}]}}