{"id":76720,"date":"2025-03-01T11:45:30","date_gmt":"2025-03-01T11:45:30","guid":{"rendered":"https:\/\/www.geografics.cat\/?p=76720"},"modified":"2025-03-01T11:47:00","modified_gmt":"2025-03-01T11:47:00","slug":"a-la-vall-de-nuria","status":"publish","type":"post","link":"https:\/\/www.geografics.cat\/?p=76720","title":{"rendered":"A la Vall de N\u00faria"},"content":{"rendered":"\n<p>Reportatge fotogr\u00e0fic de la sortida a la Vall de N\u00faria, des de Queralbs. En aquesta ocasi\u00f3, la nevada recent va deixar uns paisatges realment espectaculars, amb la sensaci\u00f3 que les fotos no expliquen prou b\u00e9 la maravella de caminar per aquesta vall. Uns pasaitges per aprendre a contemplar i a gaudir de la natura, ben a prop de casa.<\/p>\n\n\n\n<p>Una aut\u00e8ntica escapada, cada vegada m\u00e9s necessaria en aquest m\u00f3n tant accelerat.<\/p>\n\n\n\n<p>(Excursi\u00f3 feta el 9 de febrer del 2025)<\/p>\n\n\n\n<p>Entra i disfruta de l&#8217;<a href=\"https:\/\/photos.app.goo.gl\/ADY6tWBuuTUhnt2J8\" data-type=\"link\" data-id=\"https:\/\/photos.app.goo.gl\/ADY6tWBuuTUhnt2J8\" target=\"_blank\" rel=\"noreferrer noopener\">\u00e0lbum de fotos<\/a><\/p>\n\n\n\n<figure class=\"wp-block-image size-large\"><img data-recalc-dims=\"1\" loading=\"lazy\" decoding=\"async\" width=\"640\" height=\"480\" data-attachment-id=\"76722\" data-permalink=\"https:\/\/www.geografics.cat\/?attachment_id=76722\" data-orig-file=\"https:\/\/i0.wp.com\/www.geografics.cat\/wp-content\/uploads\/2025\/03\/P1230309-scaled.jpeg?fit=2560%2C1920&amp;ssl=1\" data-orig-size=\"2560,1920\" data-comments-opened=\"1\" data-image-meta=\"{&quot;aperture&quot;:&quot;4&quot;,&quot;credit&quot;:&quot;&quot;,&quot;camera&quot;:&quot;DMC-TZ35&quot;,&quot;caption&quot;:&quot;&quot;,&quot;created_timestamp&quot;:&quot;1739102180&quot;,&quot;copyright&quot;:&quot;&quot;,&quot;focal_length&quot;:&quot;4.3&quot;,&quot;iso&quot;:&quot;100&quot;,&quot;shutter_speed&quot;:&quot;0.002&quot;,&quot;title&quot;:&quot;&quot;,&quot;orientation&quot;:&quot;1&quot;}\" data-image-title=\"P1230309\" data-image-description=\"\" data-image-caption=\"\" data-medium-file=\"https:\/\/i0.wp.com\/www.geografics.cat\/wp-content\/uploads\/2025\/03\/P1230309-scaled.jpeg?fit=300%2C225&amp;ssl=1\" data-large-file=\"https:\/\/i0.wp.com\/www.geografics.cat\/wp-content\/uploads\/2025\/03\/P1230309-scaled.jpeg?fit=640%2C480&amp;ssl=1\" src=\"https:\/\/i0.wp.com\/www.geografics.cat\/wp-content\/uploads\/2025\/03\/P1230309.jpeg?resize=640%2C480&#038;ssl=1\" alt=\"\" class=\"wp-image-76722\" srcset=\"https:\/\/i0.wp.com\/www.geografics.cat\/wp-content\/uploads\/2025\/03\/P1230309-scaled.jpeg?resize=1024%2C768&amp;ssl=1 1024w, https:\/\/i0.wp.com\/www.geografics.cat\/wp-content\/uploads\/2025\/03\/P1230309-scaled.jpeg?resize=300%2C225&amp;ssl=1 300w, https:\/\/i0.wp.com\/www.geografics.cat\/wp-content\/uploads\/2025\/03\/P1230309-scaled.jpeg?resize=768%2C576&amp;ssl=1 768w, https:\/\/i0.wp.com\/www.geografics.cat\/wp-content\/uploads\/2025\/03\/P1230309-scaled.jpeg?resize=1536%2C1152&amp;ssl=1 1536w, https:\/\/i0.wp.com\/www.geografics.cat\/wp-content\/uploads\/2025\/03\/P1230309-scaled.jpeg?resize=2048%2C1536&amp;ssl=1 2048w, https:\/\/i0.wp.com\/www.geografics.cat\/wp-content\/uploads\/2025\/03\/P1230309-scaled.jpeg?resize=720%2C540&amp;ssl=1 720w, https:\/\/i0.wp.com\/www.geografics.cat\/wp-content\/uploads\/2025\/03\/P1230309-scaled.jpeg?w=1280&amp;ssl=1 1280w, https:\/\/i0.wp.com\/www.geografics.cat\/wp-content\/uploads\/2025\/03\/P1230309-scaled.jpeg?w=1920&amp;ssl=1 1920w\" sizes=\"auto, (max-width: 640px) 100vw, 640px\" \/><\/figure>\n\n\n\n<p>Cap a N\u00faria, pel cam\u00ed vell. El Taga, al fons.<\/p>\n","protected":false},"excerpt":{"rendered":"<p>Reportatge fotogr\u00e0fic a la Vall de N\u00faria<\/p>\n","protected":false},"author":1,"featured_media":76723,"comment_status":"open","ping_status":"open","sticky":false,"template":"","format":"standard","meta":{"_monsterinsights_skip_tracking":false,"_monsterinsights_sitenote_active":false,"_monsterinsights_sitenote_note":"","_monsterinsights_sitenote_category":0,"jetpack_post_was_ever_published":false,"_jetpack_newsletter_access":"","_jetpack_dont_email_post_to_subs":false,"_jetpack_newsletter_tier_id":0,"_jetpack_memberships_contains_paywalled_content":false,"_jetpack_memberships_contains_paid_content":false,"footnotes":"","jetpack_publicize_message":"","jetpack_publicize_feature_enabled":true,"jetpack_social_post_already_shared":true,"jetpack_social_options":{"image_generator_settings":{"template":"highway","default_image_id":0,"font":"","enabled":false},"version":2}},"categories":[4,7],"tags":[119,161,170,197],"class_list":["post-76720","post","type-post","status-publish","format-standard","has-post-thumbnail","hentry","category-excursions","category-reportatges","tag-neu","tag-queralbs","tag-ripolles","tag-vall-de-nuria"],"jetpack_publicize_connections":[],"jetpack_featured_media_url":"https:\/\/i0.wp.com\/www.geografics.cat\/wp-content\/uploads\/2025\/03\/P1230293-scaled.jpeg?fit=2560%2C1920&ssl=1","jetpack_likes_enabled":true,"jetpack_sharing_enabled":true,"jetpack-related-posts":[],"_links":{"self":[{"href":"https:\/\/www.geografics.cat\/index.php?rest_route=\/wp\/v2\/posts\/76720","targetHints":{"allow":["GET"]}}],"collection":[{"href":"https:\/\/www.geografics.cat\/index.php?rest_route=\/wp\/v2\/posts"}],"about":[{"href":"https:\/\/www.geografics.cat\/index.php?rest_route=\/wp\/v2\/types\/post"}],"author":[{"embeddable":true,"href":"https:\/\/www.geografics.cat\/index.php?rest_route=\/wp\/v2\/users\/1"}],"replies":[{"embeddable":true,"href":"https:\/\/www.geografics.cat\/index.php?rest_route=%2Fwp%2Fv2%2Fcomments&post=76720"}],"version-history":[{"count":0,"href":"https:\/\/www.geografics.cat\/index.php?rest_route=\/wp\/v2\/posts\/76720\/revisions"}],"wp:featuredmedia":[{"embeddable":true,"href":"https:\/\/www.geografics.cat\/index.php?rest_route=\/wp\/v2\/media\/76723"}],"wp:attachment":[{"href":"https:\/\/www.geografics.cat\/index.php?rest_route=%2Fwp%2Fv2%2Fmedia&parent=76720"}],"wp:term":[{"taxonomy":"category","embeddable":true,"href":"https:\/\/www.geografics.cat\/index.php?rest_route=%2Fwp%2Fv2%2Fcategories&post=76720"},{"taxonomy":"post_tag","embeddable":true,"href":"https:\/\/www.geografics.cat\/index.php?rest_route=%2Fwp%2Fv2%2Ftags&post=76720"}],"curies":[{"name":"wp","href":"https:\/\/api.w.org\/{rel}","templated":true}]}}