{"id":77032,"date":"2025-03-23T10:46:07","date_gmt":"2025-03-23T10:46:07","guid":{"rendered":"https:\/\/www.geografics.cat\/?p=77032"},"modified":"2025-03-23T10:46:14","modified_gmt":"2025-03-23T10:46:14","slug":"la-vall-dordesa-2","status":"publish","type":"post","link":"https:\/\/www.geografics.cat\/?p=77032","title":{"rendered":"La Vall d&#8217;Ordesa"},"content":{"rendered":"\n<p>Espectacular passejada hivernal per la Vall d&#8217;Ordesa, fins la Cua de Cavall. Un espai natural \u00fanic, patrimoni de la humanitat per la UNESCO i Parc Nacional des del 1918. Una aut\u00e8ntica joia, i un dia espl\u00e8ndid per gaudir i contemplar la natura.\u00a0Un regall!!<\/p>\n\n\n\n<p>Comparteixo \u00e0lbum de fotos (<a href=\"https:\/\/photos.app.goo.gl\/d5tHp5TPce3Wjvp49\" data-type=\"link\" data-id=\"https:\/\/photos.app.goo.gl\/d5tHp5TPce3Wjvp49\" target=\"_blank\" rel=\"noreferrer noopener\">entra aqu\u00ed<\/a>)<\/p>\n\n\n\n<p><em>(Sortida feta el dissabte 15 de mar\u00e7 del 2025)<\/em><\/p>\n\n\n\n<figure class=\"wp-block-image size-large\"><img data-recalc-dims=\"1\" loading=\"lazy\" decoding=\"async\" width=\"640\" height=\"360\" data-attachment-id=\"77034\" data-permalink=\"https:\/\/www.geografics.cat\/?attachment_id=77034\" data-orig-file=\"https:\/\/i0.wp.com\/www.geografics.cat\/wp-content\/uploads\/2025\/03\/P1230429-edited-scaled.jpeg?fit=2560%2C1440&amp;ssl=1\" data-orig-size=\"2560,1440\" data-comments-opened=\"1\" data-image-meta=\"{&quot;aperture&quot;:&quot;5.6&quot;,&quot;credit&quot;:&quot;&quot;,&quot;camera&quot;:&quot;DMC-TZ35&quot;,&quot;caption&quot;:&quot;&quot;,&quot;created_timestamp&quot;:&quot;1742051124&quot;,&quot;copyright&quot;:&quot;&quot;,&quot;focal_length&quot;:&quot;4.3&quot;,&quot;iso&quot;:&quot;100&quot;,&quot;shutter_speed&quot;:&quot;0.000625&quot;,&quot;title&quot;:&quot;&quot;,&quot;orientation&quot;:&quot;1&quot;}\" data-image-title=\"P1230429\" data-image-description=\"\" data-image-caption=\"\" data-medium-file=\"https:\/\/i0.wp.com\/www.geografics.cat\/wp-content\/uploads\/2025\/03\/P1230429-edited-scaled.jpeg?fit=300%2C169&amp;ssl=1\" data-large-file=\"https:\/\/i0.wp.com\/www.geografics.cat\/wp-content\/uploads\/2025\/03\/P1230429-edited-scaled.jpeg?fit=640%2C360&amp;ssl=1\" src=\"https:\/\/i0.wp.com\/www.geografics.cat\/wp-content\/uploads\/2025\/03\/P1230429-edited-scaled.jpeg?resize=640%2C360&#038;ssl=1\" alt=\"\" class=\"wp-image-77034\" srcset=\"https:\/\/i0.wp.com\/www.geografics.cat\/wp-content\/uploads\/2025\/03\/P1230429-edited-scaled.jpeg?w=2560&amp;ssl=1 2560w, https:\/\/i0.wp.com\/www.geografics.cat\/wp-content\/uploads\/2025\/03\/P1230429-edited-scaled.jpeg?resize=300%2C169&amp;ssl=1 300w, https:\/\/i0.wp.com\/www.geografics.cat\/wp-content\/uploads\/2025\/03\/P1230429-edited-scaled.jpeg?resize=1024%2C576&amp;ssl=1 1024w, https:\/\/i0.wp.com\/www.geografics.cat\/wp-content\/uploads\/2025\/03\/P1230429-edited-scaled.jpeg?resize=768%2C432&amp;ssl=1 768w, https:\/\/i0.wp.com\/www.geografics.cat\/wp-content\/uploads\/2025\/03\/P1230429-edited-scaled.jpeg?resize=1536%2C864&amp;ssl=1 1536w, https:\/\/i0.wp.com\/www.geografics.cat\/wp-content\/uploads\/2025\/03\/P1230429-edited-scaled.jpeg?resize=2048%2C1152&amp;ssl=1 2048w, https:\/\/i0.wp.com\/www.geografics.cat\/wp-content\/uploads\/2025\/03\/P1230429-edited-scaled.jpeg?resize=800%2C450&amp;ssl=1 800w, https:\/\/i0.wp.com\/www.geografics.cat\/wp-content\/uploads\/2025\/03\/P1230429-edited-scaled.jpeg?w=1280&amp;ssl=1 1280w, https:\/\/i0.wp.com\/www.geografics.cat\/wp-content\/uploads\/2025\/03\/P1230429-edited-scaled.jpeg?w=1920&amp;ssl=1 1920w\" sizes=\"auto, (max-width: 640px) 100vw, 640px\" \/><\/figure>\n","protected":false},"excerpt":{"rendered":"<p>Espectacular passejada hivernal per la Vall<\/p>\n","protected":false},"author":1,"featured_media":77035,"comment_status":"open","ping_status":"open","sticky":false,"template":"","format":"standard","meta":{"_monsterinsights_skip_tracking":false,"_monsterinsights_sitenote_active":false,"_monsterinsights_sitenote_note":"","_monsterinsights_sitenote_category":0,"jetpack_post_was_ever_published":false,"_jetpack_newsletter_access":"","_jetpack_dont_email_post_to_subs":false,"_jetpack_newsletter_tier_id":0,"_jetpack_memberships_contains_paywalled_content":false,"_jetpack_memberships_contains_paid_content":false,"footnotes":"","jetpack_publicize_message":"","jetpack_publicize_feature_enabled":true,"jetpack_social_post_already_shared":true,"jetpack_social_options":{"image_generator_settings":{"template":"highway","default_image_id":0,"font":"","enabled":false},"version":2}},"categories":[4,7],"tags":[121,149,362],"class_list":["post-77032","post","type-post","status-publish","format-standard","has-post-thumbnail","hentry","category-excursions","category-reportatges","tag-ordesa","tag-pirineu","tag-vall-dordesa"],"jetpack_publicize_connections":[],"jetpack_featured_media_url":"https:\/\/i0.wp.com\/www.geografics.cat\/wp-content\/uploads\/2025\/03\/P1230441-scaled.jpeg?fit=2560%2C1920&ssl=1","jetpack_likes_enabled":true,"jetpack_sharing_enabled":true,"jetpack-related-posts":[],"_links":{"self":[{"href":"https:\/\/www.geografics.cat\/index.php?rest_route=\/wp\/v2\/posts\/77032","targetHints":{"allow":["GET"]}}],"collection":[{"href":"https:\/\/www.geografics.cat\/index.php?rest_route=\/wp\/v2\/posts"}],"about":[{"href":"https:\/\/www.geografics.cat\/index.php?rest_route=\/wp\/v2\/types\/post"}],"author":[{"embeddable":true,"href":"https:\/\/www.geografics.cat\/index.php?rest_route=\/wp\/v2\/users\/1"}],"replies":[{"embeddable":true,"href":"https:\/\/www.geografics.cat\/index.php?rest_route=%2Fwp%2Fv2%2Fcomments&post=77032"}],"version-history":[{"count":0,"href":"https:\/\/www.geografics.cat\/index.php?rest_route=\/wp\/v2\/posts\/77032\/revisions"}],"wp:featuredmedia":[{"embeddable":true,"href":"https:\/\/www.geografics.cat\/index.php?rest_route=\/wp\/v2\/media\/77035"}],"wp:attachment":[{"href":"https:\/\/www.geografics.cat\/index.php?rest_route=%2Fwp%2Fv2%2Fmedia&parent=77032"}],"wp:term":[{"taxonomy":"category","embeddable":true,"href":"https:\/\/www.geografics.cat\/index.php?rest_route=%2Fwp%2Fv2%2Fcategories&post=77032"},{"taxonomy":"post_tag","embeddable":true,"href":"https:\/\/www.geografics.cat\/index.php?rest_route=%2Fwp%2Fv2%2Ftags&post=77032"}],"curies":[{"name":"wp","href":"https:\/\/api.w.org\/{rel}","templated":true}]}}