{"id":80710,"date":"2025-06-15T11:39:05","date_gmt":"2025-06-15T11:39:05","guid":{"rendered":"https:\/\/www.geografics.cat\/?p=80710"},"modified":"2025-07-17T11:48:47","modified_gmt":"2025-07-17T11:48:47","slug":"llac-de-les-bulloses-estany-del-raco-estany-llarg-estany-negre","status":"publish","type":"post","link":"https:\/\/www.geografics.cat\/?p=80710","title":{"rendered":"Llac de les Bulloses &#8211; Estany del Rac\u00f3 &#8211; Estany Llarg &#8211; Estany Negre"},"content":{"rendered":"\n<p>Ruta circular passant per les Bulloses, amb bonics racons de postal al voltant de 3 estanys especialment bonics. Cal estar pendents del per\u00edode en que no s&#8217;hi pot arribar al Pla dels Avellans en cotxe. A mitjans de juny es tanca l&#8217;acc\u00e8s a cotxes i s&#8217;ha d&#8217;agafar l&#8217;autob\u00fas que va cap a les Bulloses. Per fer aquesta ruta a l&#8217;estiu cal baixar a la parada del Pla dels Avellans.<\/p>\n\n\n\n<p><em>Comencem des de <strong>Pla dels Avellans<\/strong> passant per:\u00a0<strong>Estany de la Pradella<\/strong>, \u00a0<strong>Llac de les Bulloses<\/strong>, Pont de Llivia, <strong>Estany del Rac\u00f3<\/strong>, <strong>Estany Llarg<\/strong>  i <strong>Estany Negre<\/strong><\/em>. (ruta feta el 14 de juny del 2025)<\/p>\n\n\n\n<p>Ruta molt bonica recomanable! <\/p>\n\n\n\n<p>Adjunto \u00e0lbum de fotos <a href=\"https:\/\/photos.app.goo.gl\/NnV7vbBYmktbJcSc8\" data-type=\"link\" data-id=\"https:\/\/photos.app.goo.gl\/NnV7vbBYmktbJcSc8\" target=\"_blank\" rel=\"noreferrer noopener\">(entra aqu\u00ed)<\/a> i ruta a wikiloc<\/p>\n\n\n\n<p><\/p>\n\n\n\n<iframe loading=\"lazy\" frameBorder=\"0\" scrolling=\"no\" src=\"https:\/\/ca.wikiloc.com\/wikiloc\/embedv2.do?id=222297901&#038;elevation=on&#038;images=off&#038;maptype=M\" width=\"600\" height=\"500\"><\/iframe><div style=\"color:#777;font-size:11px;line-height:16px;\">Powered by&nbsp;<a style=\"color:#4C8C2B;font-size:11px;line-height:16px;\" target=\"_blank\" href=\"https:\/\/ca.wikiloc.com\">Wikiloc<\/a><\/div>>\n","protected":false},"excerpt":{"rendered":"<p>Ruta circular passant per les Bulloses,<\/p>\n","protected":false},"author":1,"featured_media":80717,"comment_status":"open","ping_status":"open","sticky":false,"template":"","format":"standard","meta":{"_monsterinsights_skip_tracking":false,"_monsterinsights_sitenote_active":false,"_monsterinsights_sitenote_note":"","_monsterinsights_sitenote_category":0,"jetpack_post_was_ever_published":false,"_jetpack_newsletter_access":"","_jetpack_dont_email_post_to_subs":false,"_jetpack_newsletter_tier_id":0,"_jetpack_memberships_contains_paywalled_content":false,"_jetpack_memberships_contains_paid_content":false,"footnotes":"","jetpack_publicize_message":"","jetpack_publicize_feature_enabled":true,"jetpack_social_post_already_shared":true,"jetpack_social_options":{"image_generator_settings":{"template":"highway","default_image_id":0,"font":"","enabled":false},"version":2}},"categories":[4,7,8],"tags":[31,33,64,256,370],"class_list":["post-80710","post","type-post","status-publish","format-standard","has-post-thumbnail","hentry","category-excursions","category-reportatges","category-rutes","tag-boulloses","tag-bulloses","tag-estanys","tag-llacs","tag-pradella"],"jetpack_publicize_connections":[],"jetpack_featured_media_url":"https:\/\/i0.wp.com\/www.geografics.cat\/wp-content\/uploads\/2025\/07\/IMG_3277-scaled.jpeg?fit=2560%2C1920&ssl=1","jetpack_likes_enabled":true,"jetpack_sharing_enabled":true,"jetpack-related-posts":[],"_links":{"self":[{"href":"https:\/\/www.geografics.cat\/index.php?rest_route=\/wp\/v2\/posts\/80710","targetHints":{"allow":["GET"]}}],"collection":[{"href":"https:\/\/www.geografics.cat\/index.php?rest_route=\/wp\/v2\/posts"}],"about":[{"href":"https:\/\/www.geografics.cat\/index.php?rest_route=\/wp\/v2\/types\/post"}],"author":[{"embeddable":true,"href":"https:\/\/www.geografics.cat\/index.php?rest_route=\/wp\/v2\/users\/1"}],"replies":[{"embeddable":true,"href":"https:\/\/www.geografics.cat\/index.php?rest_route=%2Fwp%2Fv2%2Fcomments&post=80710"}],"version-history":[{"count":0,"href":"https:\/\/www.geografics.cat\/index.php?rest_route=\/wp\/v2\/posts\/80710\/revisions"}],"wp:featuredmedia":[{"embeddable":true,"href":"https:\/\/www.geografics.cat\/index.php?rest_route=\/wp\/v2\/media\/80717"}],"wp:attachment":[{"href":"https:\/\/www.geografics.cat\/index.php?rest_route=%2Fwp%2Fv2%2Fmedia&parent=80710"}],"wp:term":[{"taxonomy":"category","embeddable":true,"href":"https:\/\/www.geografics.cat\/index.php?rest_route=%2Fwp%2Fv2%2Fcategories&post=80710"},{"taxonomy":"post_tag","embeddable":true,"href":"https:\/\/www.geografics.cat\/index.php?rest_route=%2Fwp%2Fv2%2Ftags&post=80710"}],"curies":[{"name":"wp","href":"https:\/\/api.w.org\/{rel}","templated":true}]}}