{"id":81496,"date":"2025-08-17T17:50:27","date_gmt":"2025-08-17T17:50:27","guid":{"rendered":"https:\/\/www.geografics.cat\/?p=81496"},"modified":"2025-08-19T18:07:22","modified_gmt":"2025-08-19T18:07:22","slug":"a-nuria-pel-cami-dels-enginyers","status":"publish","type":"post","link":"https:\/\/www.geografics.cat\/?p=81496","title":{"rendered":"A N\u00faria pel Cam\u00ed dels Enginyers"},"content":{"rendered":"\n<p style=\"font-size:19px\"><strong><em>Ruta circular des de la central de Dai\u00f3 pel Cam\u00ed dels Enginyers fins a la Vall de N\u00faria<\/em><\/strong><\/p>\n\n\n\n<p class=\"has-small-font-size\"><em>Aquest itinerari \u00e9s una travessa espectacular que s\u2019inicia i finalitza a la&nbsp;<strong>central el\u00e8ctrica de Dai\u00f3<\/strong>, prop de Queralbs (Ripoll\u00e8s), i combina natura, paisatges de muntanya, hist\u00f2ria i espiritualitat. \u00c9s una proposta exigent per\u00f2 molt gratificant. <\/em><\/p>\n\n\n\n<p> <strong>1.&nbsp;Punt d\u2019inici: Central el\u00e8ctrica de Dai\u00f3<\/strong>: Situada uns 2\u20133 km abans d\u2019arribar a Queralbs des de Ribes de Freser. L\u2019aparcament \u00e9s limitat <a href=\"https:\/\/parcsnaturals.gencat.cat\/ca\/xarxa-de-parcs\/ter-freser\/gaudeix-del-parc\/com-accedir-hi\/index.html\" data-type=\"link\" data-id=\"https:\/\/parcsnaturals.gencat.cat\/ca\/xarxa-de-parcs\/ter-freser\/gaudeix-del-parc\/com-accedir-hi\/index.html\" target=\"_blank\" rel=\"noreferrer noopener\">(m\u00e9s informaci\u00f3)<\/a>, sobretot els caps de setmana d\u2019estiu, aix\u00ed que \u00e9s recomanable sortir d\u2019hora. <\/p>\n\n\n\n<p><strong>2.&nbsp;Pujada fins a Coma de Vaca:<\/strong>  El cam\u00ed segueix el riu Freser entre boscos i despr\u00e9s per prats i pedregars. Travessem el Salt del Grill, la Gorja del Freser i arribem al <a href=\"https:\/\/www.comadevaca.cat\/index.php\/ca\/\" data-type=\"link\" data-id=\"https:\/\/www.comadevaca.cat\/index.php\/ca\/\" target=\"_blank\" rel=\"noreferrer noopener\">refugi de Coma de Vaca<\/a> (aprox. 1 995 m). El desnivell \u00e9s considerable i la pujada, cont\u00ednua.&nbsp;<\/p>\n\n\n\n<p><strong>3.&nbsp;Cam\u00ed dels Enginyers<\/strong>: Des de darrere del refugi comen\u00e7a el Cam\u00ed dels Enginyers, una variant del <strong>GR-11<\/strong>, originat per a l\u2019estudi d\u2019una presa que no es va construir. \u00c9s un sender aeri amb vistes espectaculars a la vall i al Balandrau. Hi ha trams amb cadenes o passamans met\u00e0l\u00b7lics per garantir la seguretat. Sense neu \u00e9s assequible; amb mal temps pot ser perill\u00f3s.&nbsp;&nbsp;<\/p>\n\n\n\n<p><strong>4.&nbsp;Descens cap a la Vall de N\u00faria<\/strong>: El cam\u00ed desemboca als peus del Pic de l&#8217;\u00c0liga i descendim cap al santuari de N\u00faria. Aqu\u00ed es poden gaudir de diferents serveis i fer una visita a la Mare de D\u00e9u de N\u00faria, &nbsp;patrona principal de la&nbsp;di\u00f2cesi d&#8217;Urgell (<a href=\"https:\/\/ca.wikipedia.org\/wiki\/Mare_de_D\u00e9u_de_N\u00faria\" target=\"_blank\" rel=\"noreferrer noopener\">m\u00e9s informaci\u00f3<\/a>).<\/p>\n\n\n\n<p><strong>5.\u00a0Retorn a la central de Dai\u00f3<\/strong>: La baixada es fa pel Cam\u00ed Vell de N\u00faria (o Cam\u00ed dels Artesans), que segueix el curs del riu i ofereix vistes a cascades com el Salt del Sastre i la Cua de Cavall. El descens \u00e9s m\u00e9s suau tot i el desnivell acumulat. Quan arribem al Pont de Cremal, agafem el cam\u00ed que comen\u00e7a just abans del pont. Al no ser tant habitual, no est\u00e0 tant trepitjat. Aquest any hem trobat molta vegetaci\u00f3. Tot i que hi ha una barana de fusta en un tram, s&#8217;ha d&#8217;anar amb compte. Finalment arribem a l&#8217;inici del cam\u00ed del Dai\u00f3 a Coma de Vaca, al costat del riu i del pont, per on hem passat al mat\u00ed, tancant la ruta circular.<\/p>\n\n\n\n<p>Per acabar us adjunto un enlla\u00e7 a l&#8217;\u00e0lbum complet de fotos <a href=\"https:\/\/photos.app.goo.gl\/5UvGRAg6v4yhZf6z9\" data-type=\"link\" data-id=\"https:\/\/photos.app.goo.gl\/5UvGRAg6v4yhZf6z9\" target=\"_blank\" rel=\"noreferrer noopener\">(entra aqu\u00ed<\/a>) i la ruta a <a href=\"https:\/\/ca.wikiloc.com\/rutes-senderisme\/ruta-circular-des-de-la-central-de-daio-pel-cami-dels-enginyers-fins-a-la-vall-de-nuria-226680861\" data-type=\"link\" data-id=\"https:\/\/ca.wikiloc.com\/rutes-senderisme\/ruta-circular-des-de-la-central-de-daio-pel-cami-dels-enginyers-fins-a-la-vall-de-nuria-226680861\" target=\"_blank\" rel=\"noreferrer noopener\">wikiloc<\/a>. <\/p>\n\n\n\n<p style=\"font-size:12px\"><em>(Excursi\u00f3 feta el 13-8-25)<\/em><\/p>\n\n\n\n<iframe loading=\"lazy\" frameBorder=\"0\" scrolling=\"no\" src=\"https:\/\/ca.wikiloc.com\/wikiloc\/embedv2.do?id=226680861&#038;elevation=on&#038;images=on&#038;maptype=H\" width=\"600\" height=\"500\"><\/iframe><div style=\"color:#777;font-size:11px;line-height:16px;\">Powered by&nbsp;<a style=\"color:#4C8C2B;font-size:11px;line-height:16px;\" target=\"_blank\" href=\"https:\/\/ca.wikiloc.com\">Wikiloc<\/a><\/div>\n","protected":false},"excerpt":{"rendered":"<p>Ruta circular des de la central<\/p>\n","protected":false},"author":1,"featured_media":81503,"comment_status":"open","ping_status":"open","sticky":false,"template":"","format":"standard","meta":{"_monsterinsights_skip_tracking":false,"_monsterinsights_sitenote_active":false,"_monsterinsights_sitenote_note":"","_monsterinsights_sitenote_category":0,"jetpack_post_was_ever_published":false,"_jetpack_newsletter_access":"","_jetpack_dont_email_post_to_subs":false,"_jetpack_newsletter_tier_id":0,"_jetpack_memberships_contains_paywalled_content":false,"_jetpack_memberships_contains_paid_content":false,"footnotes":"","jetpack_publicize_message":"","jetpack_publicize_feature_enabled":true,"jetpack_social_post_already_shared":true,"jetpack_social_options":{"image_generator_settings":{"template":"highway","default_image_id":0,"font":"","enabled":false},"version":2}},"categories":[4,7,8],"tags":[372,52,279,220,282],"class_list":["post-81496","post","type-post","status-publish","format-standard","has-post-thumbnail","hentry","category-excursions","category-reportatges","category-rutes","tag-cami-enginyers","tag-coma-de-vaca","tag-daio-2","tag-nuria-2","tag-ruta-circular"],"jetpack_publicize_connections":[],"jetpack_featured_media_url":"https:\/\/i0.wp.com\/www.geografics.cat\/wp-content\/uploads\/2025\/08\/P1230860-scaled.jpeg?fit=2560%2C1920&ssl=1","jetpack_likes_enabled":true,"jetpack_sharing_enabled":true,"jetpack-related-posts":[],"_links":{"self":[{"href":"https:\/\/www.geografics.cat\/index.php?rest_route=\/wp\/v2\/posts\/81496","targetHints":{"allow":["GET"]}}],"collection":[{"href":"https:\/\/www.geografics.cat\/index.php?rest_route=\/wp\/v2\/posts"}],"about":[{"href":"https:\/\/www.geografics.cat\/index.php?rest_route=\/wp\/v2\/types\/post"}],"author":[{"embeddable":true,"href":"https:\/\/www.geografics.cat\/index.php?rest_route=\/wp\/v2\/users\/1"}],"replies":[{"embeddable":true,"href":"https:\/\/www.geografics.cat\/index.php?rest_route=%2Fwp%2Fv2%2Fcomments&post=81496"}],"version-history":[{"count":0,"href":"https:\/\/www.geografics.cat\/index.php?rest_route=\/wp\/v2\/posts\/81496\/revisions"}],"wp:featuredmedia":[{"embeddable":true,"href":"https:\/\/www.geografics.cat\/index.php?rest_route=\/wp\/v2\/media\/81503"}],"wp:attachment":[{"href":"https:\/\/www.geografics.cat\/index.php?rest_route=%2Fwp%2Fv2%2Fmedia&parent=81496"}],"wp:term":[{"taxonomy":"category","embeddable":true,"href":"https:\/\/www.geografics.cat\/index.php?rest_route=%2Fwp%2Fv2%2Fcategories&post=81496"},{"taxonomy":"post_tag","embeddable":true,"href":"https:\/\/www.geografics.cat\/index.php?rest_route=%2Fwp%2Fv2%2Ftags&post=81496"}],"curies":[{"name":"wp","href":"https:\/\/api.w.org\/{rel}","templated":true}]}}