{"id":81807,"date":"2025-08-24T09:46:51","date_gmt":"2025-08-24T09:46:51","guid":{"rendered":"https:\/\/www.geografics.cat\/?p=81807"},"modified":"2025-08-24T15:04:11","modified_gmt":"2025-08-24T15:04:11","slug":"olla-de-nuria","status":"publish","type":"post","link":"https:\/\/www.geografics.cat\/?p=81807","title":{"rendered":"Olla de N\u00faria"},"content":{"rendered":"\n<p><strong><em>Ruta circular a l&#8217;Olla de N\u00faria des de Fontalba, fent el Puigmal fins els Noucreus<\/em><\/strong><\/p>\n\n\n\n<p>Sortim de <strong>Fontalba<\/strong>, un altipl\u00e0 que ens regala vistes espectaculars sobre el Ripoll\u00e8s i les muntanyes que envolten la vall, aquest dia coberta per un mar de n\u00favols. (<em>Per accedir a la pista entre <strong>7:30 h i 19:30 h<\/strong> en per\u00edodes d\u2019alta aflu\u00e8ncia, l\u2019acc\u00e9s est\u00e0 regulat. Cal <strong>reserva pr\u00e8via<\/strong> a <a href=\"https:\/\/www.queralbsnatura.com\/\" target=\"_blank\" rel=\"noreferrer noopener\">queralbsnatura.com<\/a><\/em> )<\/p>\n\n\n\n<p>De bon mat\u00ed, l\u2019aire \u00e9s fresc i el sol comen\u00e7a a il\u00b7luminar les carenes que ens esperen. Aquest tram que ja s\u2019enfila suament. Seguim la ruta cap amunt, per terreny obert i panor\u00e0mic, fins que aviat apareix la silueta imponent del <strong>Puigmal<\/strong>, el cim m\u00e9s alt del Pirineu oriental amb 2.913 metres. Un cop a dalt ens ofereix una panor\u00e0mica sobre la Cerdanya, el Canig\u00f3, la vall del Freser i, si el dia \u00e9s clar, fins i tot Montserrat.<\/p>\n\n\n\n<p>Des del Puigmal seguim una successi\u00f3 de cims i colls que dibuixen &#8220;l&#8217;Olla\u201d que tanca la Vall de N\u00faria. Les crestes s\u00f3n amples, herboses i f\u00e0cils de rec\u00f3rrer, per\u00f2 no deixen mai de ser a\u00e8ries, amb el contrast constant entre la Cerdanya al nord i N\u00faria al sud. \u00c9s un dels punts m\u00e9s bonics de la travessa, que ens va regalant una vista nova i una perspectiva diferent sobre la vall.<\/p>\n\n\n\n<p>El cam\u00ed continua per sobre dels <strong>Pics de Segre i de Finestrelles. <\/strong>El relleu es fa amable, amb pujades i baixades suaus que permeten gaudir del paisatge. A mesura que ens apropem als cims de <strong>Noufonts i Noucreus<\/strong>, el terreny es torna m\u00e9s pedreg\u00f3s..&nbsp;<\/p>\n\n\n\n<p>Despr\u00e9s de rec\u00f3rrer tota la carena, des del <strong>Coll del Noucreus<\/strong> el cam\u00ed gira cap al sud i ens porta de baixada cap a la Vall de N\u00faria. El descens \u00e9s progressiu.<\/p>\n\n\n\n<p>Apareix al fons el <strong>Santuari de N\u00faria<\/strong>, encaixat entre muntanyes nuvolades inofensives, punt de pelegrinatge i refugi de caminants. Aqu\u00ed \u00e9s on es pot aprofitar per descansar, menjar alguna cosa, fer una visita a la Mare de D\u00e9u o, senzillament, gaudir de la calma del lloc.<\/p>\n\n\n\n<p>La ruta, per\u00f2, encara no s&#8217;ha acabat. Cal tornar cap a Fontalba, i ho fem per un cam\u00ed d\u2019uns 5 km que s\u2019enfila entre prats i boscos. Finalment, l\u2019esplanada de Fontalba torna a apar\u00e8ixer davant nostre, tancant el cercle d\u2019una jornada llarga,  exigent (d&#8217;uns 25km i 1.700 metres de desnivell), per\u00f2 memorable. <\/p>\n\n\n\n<p>Us comparteixo <a href=\"https:\/\/photos.app.goo.gl\/ArKQHiW7N7ozGA3s6\" data-type=\"link\" data-id=\"https:\/\/photos.app.goo.gl\/ArKQHiW7N7ozGA3s6\" target=\"_blank\" rel=\"noreferrer noopener\">l&#8217;\u00e0lbum de fotos<\/a> i la ruta a wikiloc. <em>(Ruta feta el 22-8-25)<\/em><\/p>\n\n\n\n<iframe loading=\"lazy\" frameBorder=\"0\" scrolling=\"no\" src=\"https:\/\/ca.wikiloc.com\/wikiloc\/embedv2.do?id=228152365&#038;elevation=on&#038;images=off&#038;maptype=T\" width=\"600\" height=\"500\"><\/iframe><div style=\"color:#777;font-size:11px;line-height:16px;\">Powered by&nbsp;<a style=\"color:#4C8C2B;font-size:11px;line-height:16px;\" target=\"_blank\" href=\"https:\/\/ca.wikiloc.com\">Wikiloc<\/a><\/div>\n","protected":false},"excerpt":{"rendered":"<p>Ruta circular a l&#8217;Olla de N\u00faria<\/p>\n","protected":false},"author":1,"featured_media":81814,"comment_status":"open","ping_status":"open","sticky":false,"template":"","format":"standard","meta":{"_monsterinsights_skip_tracking":false,"_monsterinsights_sitenote_active":false,"_monsterinsights_sitenote_note":"","_monsterinsights_sitenote_category":0,"jetpack_post_was_ever_published":false,"_jetpack_newsletter_access":"","_jetpack_dont_email_post_to_subs":false,"_jetpack_newsletter_tier_id":0,"_jetpack_memberships_contains_paywalled_content":false,"_jetpack_memberships_contains_paid_content":false,"footnotes":"","jetpack_publicize_message":"","jetpack_publicize_feature_enabled":true,"jetpack_social_post_already_shared":true,"jetpack_social_options":{"image_generator_settings":{"template":"highway","default_image_id":0,"font":"","enabled":false},"version":2}},"categories":[4,7,8],"tags":[72,374,373,156,197],"class_list":["post-81807","post","type-post","status-publish","format-standard","has-post-thumbnail","hentry","category-excursions","category-reportatges","category-rutes","tag-fontalba","tag-noucreus","tag-olla-de-nuria-2","tag-puigmal","tag-vall-de-nuria"],"jetpack_publicize_connections":[],"jetpack_featured_media_url":"https:\/\/i0.wp.com\/www.geografics.cat\/wp-content\/uploads\/2025\/08\/IMG_4227-scaled.jpeg?fit=2560%2C1920&ssl=1","jetpack_likes_enabled":true,"jetpack_sharing_enabled":true,"jetpack-related-posts":[],"_links":{"self":[{"href":"https:\/\/www.geografics.cat\/index.php?rest_route=\/wp\/v2\/posts\/81807","targetHints":{"allow":["GET"]}}],"collection":[{"href":"https:\/\/www.geografics.cat\/index.php?rest_route=\/wp\/v2\/posts"}],"about":[{"href":"https:\/\/www.geografics.cat\/index.php?rest_route=\/wp\/v2\/types\/post"}],"author":[{"embeddable":true,"href":"https:\/\/www.geografics.cat\/index.php?rest_route=\/wp\/v2\/users\/1"}],"replies":[{"embeddable":true,"href":"https:\/\/www.geografics.cat\/index.php?rest_route=%2Fwp%2Fv2%2Fcomments&post=81807"}],"version-history":[{"count":0,"href":"https:\/\/www.geografics.cat\/index.php?rest_route=\/wp\/v2\/posts\/81807\/revisions"}],"wp:featuredmedia":[{"embeddable":true,"href":"https:\/\/www.geografics.cat\/index.php?rest_route=\/wp\/v2\/media\/81814"}],"wp:attachment":[{"href":"https:\/\/www.geografics.cat\/index.php?rest_route=%2Fwp%2Fv2%2Fmedia&parent=81807"}],"wp:term":[{"taxonomy":"category","embeddable":true,"href":"https:\/\/www.geografics.cat\/index.php?rest_route=%2Fwp%2Fv2%2Fcategories&post=81807"},{"taxonomy":"post_tag","embeddable":true,"href":"https:\/\/www.geografics.cat\/index.php?rest_route=%2Fwp%2Fv2%2Ftags&post=81807"}],"curies":[{"name":"wp","href":"https:\/\/api.w.org\/{rel}","templated":true}]}}