{"id":84127,"date":"2025-09-14T15:05:00","date_gmt":"2025-09-14T15:05:00","guid":{"rendered":"https:\/\/www.geografics.cat\/?p=84127"},"modified":"2025-10-31T15:07:09","modified_gmt":"2025-10-31T15:07:09","slug":"als-voltants-del-midi-dossau","status":"publish","type":"post","link":"https:\/\/www.geografics.cat\/?p=84127","title":{"rendered":"Als voltants del Midi d&#8217;Ossau"},"content":{"rendered":"\n<h3 class=\"wp-block-heading\">Ruta als voltants del Midi d\u2019Ossau<\/h3>\n\n\n\n<p>Aquesta preciosa ruta circular recorre els voltants del&nbsp;<strong>m\u00edtic Midi d\u2019Ossau<\/strong>, un dels cims m\u00e9s emblem\u00e0tics del Pirineu franc\u00e8s. L\u2019itinerari comen\u00e7a a&nbsp;<strong>l\u2019estaci\u00f3 d\u2019Ast\u00fan<\/strong>, situada a la vall de l\u2019Arag\u00f3, i s\u2019enfila cap a&nbsp;<strong>l\u2019Ibon del Escalar<\/strong>, un petit llac d\u2019alta muntanya envoltat de prats i tarteres.<\/p>\n\n\n\n<p>Des d\u2019aqu\u00ed, el cam\u00ed continua fins al&nbsp;<strong>coll de Moines<\/strong>, punt fronterer per on entrem al&nbsp;<strong>Parc Nacional dels Pirineus<\/strong>. Seguim el&nbsp;<strong>sender ben marcat<\/strong>&nbsp;en direcci\u00f3 nord fins arribar al&nbsp;<strong>lac de Bersau<\/strong>, amb el&nbsp;<strong>pic de Casterau<\/strong>&nbsp;dominant l\u2019horitz\u00f3 a la dreta.<\/p>\n\n\n\n<p>La ruta avan\u00e7a entre paisatges d\u2019alta muntanya fins als&nbsp;<strong>refugis d\u2019Ayous<\/strong>, des d\u2019on s\u2019obt\u00e9 una panor\u00e0mica espectacular del&nbsp;<strong>Midi d\u2019Ossau<\/strong>&nbsp;reflectint-se al&nbsp;<strong>lac Gentau<\/strong>, una de les imatges m\u00e9s ic\u00f2niques del Pirineu.<\/p>\n\n\n\n<p>Vaig realitzar aquesta excursi\u00f3 l\u2019<strong>11 de setembre del 2025<\/strong>, aprofitant el bon temps de finals d\u2019estiu. \u00c9s una sortida de&nbsp;<strong>nivell mitj\u00e0<\/strong>, ideal per descobrir la bellesa dels&nbsp;<strong>llacs d\u2019Ayous<\/strong>&nbsp;i gaudir d\u2019un entorn natural de gran valor paisatg\u00edstic.<\/p>\n\n\n\n<p>\ud83d\udcf8\u00a0Enlla\u00e7 a la <a href=\"https:\/\/photos.app.goo.gl\/qR5UXzY8pRpsdnpH7\" target=\"_blank\" rel=\"noreferrer noopener\"><strong>galeria de fotos de la ruta<\/strong><\/a> <\/p>\n\n\n\n<figure class=\"wp-block-image size-large\"><img data-recalc-dims=\"1\" loading=\"lazy\" decoding=\"async\" width=\"640\" height=\"360\" data-attachment-id=\"84130\" data-permalink=\"https:\/\/www.geografics.cat\/?attachment_id=84130\" data-orig-file=\"https:\/\/i0.wp.com\/www.geografics.cat\/wp-content\/uploads\/2025\/10\/IMG_4324-1-edited-scaled.jpeg?fit=2560%2C1440&amp;ssl=1\" data-orig-size=\"2560,1440\" data-comments-opened=\"1\" data-image-meta=\"{&quot;aperture&quot;:&quot;1.8&quot;,&quot;credit&quot;:&quot;&quot;,&quot;camera&quot;:&quot;iPhone SE (2nd generation)&quot;,&quot;caption&quot;:&quot;&quot;,&quot;created_timestamp&quot;:&quot;1757595482&quot;,&quot;copyright&quot;:&quot;&quot;,&quot;focal_length&quot;:&quot;3.99&quot;,&quot;iso&quot;:&quot;20&quot;,&quot;shutter_speed&quot;:&quot;0.000307976593779&quot;,&quot;title&quot;:&quot;&quot;,&quot;orientation&quot;:&quot;1&quot;}\" data-image-title=\"IMG_4324\" data-image-description=\"\" data-image-caption=\"\" data-medium-file=\"https:\/\/i0.wp.com\/www.geografics.cat\/wp-content\/uploads\/2025\/10\/IMG_4324-1-edited-scaled.jpeg?fit=300%2C169&amp;ssl=1\" data-large-file=\"https:\/\/i0.wp.com\/www.geografics.cat\/wp-content\/uploads\/2025\/10\/IMG_4324-1-edited-scaled.jpeg?fit=640%2C360&amp;ssl=1\" src=\"https:\/\/i0.wp.com\/www.geografics.cat\/wp-content\/uploads\/2025\/10\/IMG_4324-1-edited-scaled.jpeg?resize=640%2C360&#038;ssl=1\" alt=\"\" class=\"wp-image-84130\" srcset=\"https:\/\/i0.wp.com\/www.geografics.cat\/wp-content\/uploads\/2025\/10\/IMG_4324-1-edited-scaled.jpeg?w=2560&amp;ssl=1 2560w, https:\/\/i0.wp.com\/www.geografics.cat\/wp-content\/uploads\/2025\/10\/IMG_4324-1-edited-scaled.jpeg?resize=300%2C169&amp;ssl=1 300w, https:\/\/i0.wp.com\/www.geografics.cat\/wp-content\/uploads\/2025\/10\/IMG_4324-1-edited-scaled.jpeg?resize=1024%2C576&amp;ssl=1 1024w, https:\/\/i0.wp.com\/www.geografics.cat\/wp-content\/uploads\/2025\/10\/IMG_4324-1-edited-scaled.jpeg?resize=768%2C432&amp;ssl=1 768w, https:\/\/i0.wp.com\/www.geografics.cat\/wp-content\/uploads\/2025\/10\/IMG_4324-1-edited-scaled.jpeg?resize=1536%2C864&amp;ssl=1 1536w, https:\/\/i0.wp.com\/www.geografics.cat\/wp-content\/uploads\/2025\/10\/IMG_4324-1-edited-scaled.jpeg?resize=2048%2C1152&amp;ssl=1 2048w, https:\/\/i0.wp.com\/www.geografics.cat\/wp-content\/uploads\/2025\/10\/IMG_4324-1-edited-scaled.jpeg?resize=800%2C450&amp;ssl=1 800w, https:\/\/i0.wp.com\/www.geografics.cat\/wp-content\/uploads\/2025\/10\/IMG_4324-1-edited-scaled.jpeg?w=1280&amp;ssl=1 1280w, https:\/\/i0.wp.com\/www.geografics.cat\/wp-content\/uploads\/2025\/10\/IMG_4324-1-edited-scaled.jpeg?w=1920&amp;ssl=1 1920w\" sizes=\"auto, (max-width: 640px) 100vw, 640px\" \/><\/figure>\n","protected":false},"excerpt":{"rendered":"<p>Ruta als voltants del Midi d\u2019Ossau<\/p>\n","protected":false},"author":1,"featured_media":84132,"comment_status":"open","ping_status":"open","sticky":false,"template":"","format":"standard","meta":{"_monsterinsights_skip_tracking":false,"_monsterinsights_sitenote_active":false,"_monsterinsights_sitenote_note":"","_monsterinsights_sitenote_category":0,"jetpack_post_was_ever_published":false,"_jetpack_newsletter_access":"","_jetpack_dont_email_post_to_subs":false,"_jetpack_newsletter_tier_id":0,"_jetpack_memberships_contains_paywalled_content":false,"_jetpack_memberships_contains_paid_content":false,"footnotes":"","jetpack_publicize_message":"","jetpack_publicize_feature_enabled":true,"jetpack_social_post_already_shared":true,"jetpack_social_options":{"image_generator_settings":{"template":"highway","default_image_id":0,"font":"","enabled":false},"version":2}},"categories":[4,7,8],"tags":[377,375,376],"class_list":["post-84127","post","type-post","status-publish","format-standard","has-post-thumbnail","hentry","category-excursions","category-reportatges","category-rutes","tag-astun","tag-midi-dossau","tag-parc-nacional-dels-pirineus"],"jetpack_publicize_connections":[],"jetpack_featured_media_url":"https:\/\/i0.wp.com\/www.geografics.cat\/wp-content\/uploads\/2025\/10\/IMG_4403-scaled.jpeg?fit=2560%2C1920&ssl=1","jetpack_likes_enabled":true,"jetpack_sharing_enabled":true,"jetpack-related-posts":[],"_links":{"self":[{"href":"https:\/\/www.geografics.cat\/index.php?rest_route=\/wp\/v2\/posts\/84127","targetHints":{"allow":["GET"]}}],"collection":[{"href":"https:\/\/www.geografics.cat\/index.php?rest_route=\/wp\/v2\/posts"}],"about":[{"href":"https:\/\/www.geografics.cat\/index.php?rest_route=\/wp\/v2\/types\/post"}],"author":[{"embeddable":true,"href":"https:\/\/www.geografics.cat\/index.php?rest_route=\/wp\/v2\/users\/1"}],"replies":[{"embeddable":true,"href":"https:\/\/www.geografics.cat\/index.php?rest_route=%2Fwp%2Fv2%2Fcomments&post=84127"}],"version-history":[{"count":0,"href":"https:\/\/www.geografics.cat\/index.php?rest_route=\/wp\/v2\/posts\/84127\/revisions"}],"wp:featuredmedia":[{"embeddable":true,"href":"https:\/\/www.geografics.cat\/index.php?rest_route=\/wp\/v2\/media\/84132"}],"wp:attachment":[{"href":"https:\/\/www.geografics.cat\/index.php?rest_route=%2Fwp%2Fv2%2Fmedia&parent=84127"}],"wp:term":[{"taxonomy":"category","embeddable":true,"href":"https:\/\/www.geografics.cat\/index.php?rest_route=%2Fwp%2Fv2%2Fcategories&post=84127"},{"taxonomy":"post_tag","embeddable":true,"href":"https:\/\/www.geografics.cat\/index.php?rest_route=%2Fwp%2Fv2%2Ftags&post=84127"}],"curies":[{"name":"wp","href":"https:\/\/api.w.org\/{rel}","templated":true}]}}