{"id":85663,"date":"2025-11-01T15:04:00","date_gmt":"2025-11-01T15:04:00","guid":{"rendered":"https:\/\/www.geografics.cat\/?p=85663"},"modified":"2025-12-13T15:27:45","modified_gmt":"2025-12-13T15:27:45","slug":"a-lestany-de-montmalus","status":"publish","type":"post","link":"https:\/\/www.geografics.cat\/?p=85663","title":{"rendered":"A l&#8217;Estany de Montmal\u00fas"},"content":{"rendered":"\n<p>Bonica ruta circular amb sortida i arribada a Cal Jan de la Llosa, endinsant-me progressivament per la vall de Vallcibera. L\u2019itinerari transcorre per un entorn de muntanya cada vegada m\u00e9s obert i alp\u00ed, fins assolir l&#8217;Estany i  el refugi de Montmal\u00fas, ja a Andorra,  punt clau del recorregut i refer\u00e8ncia habitual per als excursionistes de la zona.<\/p>\n\n\n\n<p>Aquest punt constitueix el punt culminant de l\u2019excursi\u00f3, abans d\u2019iniciar el retorn que permet tancar la ruta circular fins a Cal Jan de la Llosa. <\/p>\n\n\n\n<p>Vaig realitzar aquesta excursi\u00f3 el\u00a020 d&#8217;octubre del 2025.<\/p>\n\n\n\n<p>\ud83d\udcf8\u00a0<strong><a href=\"https:\/\/photos.app.goo.gl\/rqLtRRuC6mGhT55W9\" data-type=\"link\" data-id=\"https:\/\/photos.app.goo.gl\/rqLtRRuC6mGhT55W9\" target=\"_blank\" rel=\"noreferrer noopener\">Enlla\u00e7 a les fotos de la sortida<\/a><\/strong><\/p>\n\n\n\n<iframe loading=\"lazy\" frameBorder=\"0\" scrolling=\"no\" src=\"https:\/\/ca.wikiloc.com\/wikiloc\/embedv2.do?id=236906985&#038;elevation=on&#038;images=off&#038;maptype=T\" width=\"600\" height=\"500\"><\/iframe><div style=\"color:#777;font-size:11px;line-height:16px;\">Powered by&nbsp;<a style=\"color:#4C8C2B;font-size:11px;line-height:16px;\" target=\"_blank\" href=\"https:\/\/ca.wikiloc.com\">Wikiloc<\/a><\/div>\n\n","protected":false},"excerpt":{"rendered":"<p>Bonica ruta circular amb sortida i<\/p>\n","protected":false},"author":1,"featured_media":85669,"comment_status":"open","ping_status":"open","sticky":false,"template":"","format":"standard","meta":{"_monsterinsights_skip_tracking":false,"_monsterinsights_sitenote_active":false,"_monsterinsights_sitenote_note":"","_monsterinsights_sitenote_category":0,"jetpack_post_was_ever_published":false,"_jetpack_newsletter_access":"","_jetpack_dont_email_post_to_subs":false,"_jetpack_newsletter_tier_id":0,"_jetpack_memberships_contains_paywalled_content":false,"_jetpack_memberships_contains_paid_content":false,"footnotes":"","jetpack_publicize_message":"","jetpack_publicize_feature_enabled":true,"jetpack_social_post_already_shared":true,"jetpack_social_options":{"image_generator_settings":{"template":"highway","default_image_id":0,"font":"","enabled":false},"version":2}},"categories":[4,7,8],"tags":[379,378],"class_list":["post-85663","post","type-post","status-publish","format-standard","has-post-thumbnail","hentry","category-excursions","category-reportatges","category-rutes","tag-montmalus","tag-vallcibera"],"jetpack_publicize_connections":[],"jetpack_featured_media_url":"https:\/\/i0.wp.com\/www.geografics.cat\/wp-content\/uploads\/2025\/12\/IMG_4656-scaled.jpeg?fit=2560%2C1920&ssl=1","jetpack_likes_enabled":true,"jetpack_sharing_enabled":true,"jetpack-related-posts":[],"_links":{"self":[{"href":"https:\/\/www.geografics.cat\/index.php?rest_route=\/wp\/v2\/posts\/85663","targetHints":{"allow":["GET"]}}],"collection":[{"href":"https:\/\/www.geografics.cat\/index.php?rest_route=\/wp\/v2\/posts"}],"about":[{"href":"https:\/\/www.geografics.cat\/index.php?rest_route=\/wp\/v2\/types\/post"}],"author":[{"embeddable":true,"href":"https:\/\/www.geografics.cat\/index.php?rest_route=\/wp\/v2\/users\/1"}],"replies":[{"embeddable":true,"href":"https:\/\/www.geografics.cat\/index.php?rest_route=%2Fwp%2Fv2%2Fcomments&post=85663"}],"version-history":[{"count":0,"href":"https:\/\/www.geografics.cat\/index.php?rest_route=\/wp\/v2\/posts\/85663\/revisions"}],"wp:featuredmedia":[{"embeddable":true,"href":"https:\/\/www.geografics.cat\/index.php?rest_route=\/wp\/v2\/media\/85669"}],"wp:attachment":[{"href":"https:\/\/www.geografics.cat\/index.php?rest_route=%2Fwp%2Fv2%2Fmedia&parent=85663"}],"wp:term":[{"taxonomy":"category","embeddable":true,"href":"https:\/\/www.geografics.cat\/index.php?rest_route=%2Fwp%2Fv2%2Fcategories&post=85663"},{"taxonomy":"post_tag","embeddable":true,"href":"https:\/\/www.geografics.cat\/index.php?rest_route=%2Fwp%2Fv2%2Ftags&post=85663"}],"curies":[{"name":"wp","href":"https:\/\/api.w.org\/{rel}","templated":true}]}}