{"id":88107,"date":"2026-03-06T18:12:46","date_gmt":"2026-03-06T18:12:46","guid":{"rendered":"https:\/\/www.geografics.cat\/?p=88107"},"modified":"2026-03-06T18:32:31","modified_gmt":"2026-03-06T18:32:31","slug":"excursio-hivernal-al-puig-dorria","status":"publish","type":"post","link":"https:\/\/www.geografics.cat\/?p=88107","title":{"rendered":"Excursi\u00f3 hivernal al\u00a0Puig D\u00f2rria"},"content":{"rendered":"\n<p>El diumenge 22 de febrer vam fer una sortida cap a la zona del\u00a0<strong>Pla de les Barraques<\/strong>, amb la intenci\u00f3 inicial de comen\u00e7ar-hi directament la caminada. Per\u00f2 la neu acumulada a la carretera ens va obligar a canviar lleugerament els plans: vam haver de deixar el cotxe uns tres quil\u00f2metres abans i fer aquest tram a peu fins a l\u2019inici del cam\u00ed.<\/p>\n\n\n\n<p>A mesura que avan\u00e7\u00e0vem cap al punt d\u2019inici de l\u2019ascensi\u00f3 al\u00a0<strong>Puig D\u00f2rria<\/strong>\u00a0(2.547 m), el paisatge hivernal anava guanyant protagonisme.<\/p>\n\n\n\n<p>Durant la pujada, les vistes eren senzillament espectaculars. El&nbsp;<strong>Puigmal<\/strong>, ben nevat, dominava l\u2019horitz\u00f3 i oferia una imatge imponent del mass\u00eds. Alhora, la panor\u00e0mica s\u2019obria cap al sud i permetia recon\u00e8ixer clarament altres referents del nostre paisatge: el perfil del&nbsp;<strong>Taga<\/strong>, la silueta llunyana del&nbsp;<strong>Montseny<\/strong>&nbsp;i les formes inconfusibles de&nbsp;<strong>Montserrat<\/strong>. Encara m\u00e9s lluny tamb\u00e9 s\u2019intu\u00efa el&nbsp;<strong>Pedrafor\u00e7a<\/strong>.<\/p>\n\n\n\n<p>Cap a l\u2019est i el nord tamb\u00e9 es desplegava un panorama magn\u00edfic: la zona de\u00a0<strong>La Molina<\/strong>\u00a0perfectament visible, aix\u00ed com els relleus dels Pirineus que s\u2019estenen cap a\u00a0<strong>Andorra<\/strong>\u00a0i la frontera amb\u00a0<strong>Fran\u00e7a<\/strong>. Quines vistes!<\/p>\n\n\n\n<p>Amb el cel completament ser\u00e8 i la neu cobrint bona part del paisatge, la sortida es va convertir en una jornada de muntanya especialment memorable: un d\u2019aquells dies en qu\u00e8 la visibilitat, la llum i el paisatge ens regalen panor\u00e0miques dif\u00edcils d\u2019oblidar.<\/p>\n\n\n\n<p>En aquest <a href=\"https:\/\/photos.app.goo.gl\/DLrxoPCHzDpL2K5z5\" data-type=\"link\" data-id=\"https:\/\/photos.app.goo.gl\/DLrxoPCHzDpL2K5z5\" target=\"_blank\" rel=\"noreferrer noopener\">enlla\u00e7 trobareu fotos de la sortida<\/a> \ud83d\udcf8<\/p>\n\n\n\n<figure class=\"wp-block-image size-large\"><img data-recalc-dims=\"1\" loading=\"lazy\" decoding=\"async\" width=\"640\" height=\"271\" data-attachment-id=\"88112\" data-permalink=\"https:\/\/www.geografics.cat\/?attachment_id=88112\" data-orig-file=\"https:\/\/i0.wp.com\/www.geografics.cat\/wp-content\/uploads\/2026\/03\/P1240581-scaled.jpeg?fit=2560%2C1086&amp;ssl=1\" data-orig-size=\"2560,1086\" data-comments-opened=\"1\" data-image-meta=\"{&quot;aperture&quot;:&quot;4.5&quot;,&quot;credit&quot;:&quot;&quot;,&quot;camera&quot;:&quot;DMC-TZ35&quot;,&quot;caption&quot;:&quot;&quot;,&quot;created_timestamp&quot;:&quot;1771776490&quot;,&quot;copyright&quot;:&quot;&quot;,&quot;focal_length&quot;:&quot;4.3&quot;,&quot;iso&quot;:&quot;100&quot;,&quot;shutter_speed&quot;:&quot;0.0005&quot;,&quot;title&quot;:&quot;&quot;,&quot;orientation&quot;:&quot;1&quot;}\" data-image-title=\"P1240581\" data-image-description=\"\" data-image-caption=\"\" data-medium-file=\"https:\/\/i0.wp.com\/www.geografics.cat\/wp-content\/uploads\/2026\/03\/P1240581-scaled.jpeg?fit=300%2C127&amp;ssl=1\" data-large-file=\"https:\/\/i0.wp.com\/www.geografics.cat\/wp-content\/uploads\/2026\/03\/P1240581-scaled.jpeg?fit=640%2C271&amp;ssl=1\" src=\"https:\/\/i0.wp.com\/www.geografics.cat\/wp-content\/uploads\/2026\/03\/P1240581.jpeg?resize=640%2C271&#038;ssl=1\" alt=\"\" class=\"wp-image-88112\" srcset=\"https:\/\/i0.wp.com\/www.geografics.cat\/wp-content\/uploads\/2026\/03\/P1240581-scaled.jpeg?resize=1024%2C434&amp;ssl=1 1024w, https:\/\/i0.wp.com\/www.geografics.cat\/wp-content\/uploads\/2026\/03\/P1240581-scaled.jpeg?resize=300%2C127&amp;ssl=1 300w, https:\/\/i0.wp.com\/www.geografics.cat\/wp-content\/uploads\/2026\/03\/P1240581-scaled.jpeg?resize=768%2C326&amp;ssl=1 768w, https:\/\/i0.wp.com\/www.geografics.cat\/wp-content\/uploads\/2026\/03\/P1240581-scaled.jpeg?resize=1536%2C651&amp;ssl=1 1536w, https:\/\/i0.wp.com\/www.geografics.cat\/wp-content\/uploads\/2026\/03\/P1240581-scaled.jpeg?resize=2048%2C868&amp;ssl=1 2048w, https:\/\/i0.wp.com\/www.geografics.cat\/wp-content\/uploads\/2026\/03\/P1240581-scaled.jpeg?w=1280&amp;ssl=1 1280w, https:\/\/i0.wp.com\/www.geografics.cat\/wp-content\/uploads\/2026\/03\/P1240581-scaled.jpeg?w=1920&amp;ssl=1 1920w\" sizes=\"auto, (max-width: 640px) 100vw, 640px\" \/><\/figure>\n","protected":false},"excerpt":{"rendered":"<p>El diumenge 22 de febrer vam<\/p>\n","protected":false},"author":1,"featured_media":88110,"comment_status":"open","ping_status":"open","sticky":false,"template":"","format":"standard","meta":{"_monsterinsights_skip_tracking":false,"_monsterinsights_sitenote_active":false,"_monsterinsights_sitenote_note":"","_monsterinsights_sitenote_category":0,"jetpack_post_was_ever_published":false,"_jetpack_newsletter_access":"","_jetpack_dont_email_post_to_subs":false,"_jetpack_newsletter_tier_id":0,"_jetpack_memberships_contains_paywalled_content":false,"_jetpack_memberships_contains_paid_content":false,"footnotes":"","jetpack_publicize_message":"","jetpack_publicize_feature_enabled":true,"jetpack_social_post_already_shared":true,"jetpack_social_options":{"image_generator_settings":{"template":"highway","default_image_id":0,"font":"","enabled":false},"version":2}},"categories":[4,7],"tags":[382,383,114,149,381,156],"class_list":["post-88107","post","type-post","status-publish","format-standard","has-post-thumbnail","hentry","category-excursions","category-reportatges","tag-barraques","tag-hivernal","tag-muntanya","tag-pirineu","tag-puig-dorria","tag-puigmal"],"jetpack_publicize_connections":[],"jetpack_featured_media_url":"https:\/\/i0.wp.com\/www.geografics.cat\/wp-content\/uploads\/2026\/03\/P1240545-scaled.jpeg?fit=2560%2C1920&ssl=1","jetpack_likes_enabled":true,"jetpack_sharing_enabled":true,"jetpack-related-posts":[],"_links":{"self":[{"href":"https:\/\/www.geografics.cat\/index.php?rest_route=\/wp\/v2\/posts\/88107","targetHints":{"allow":["GET"]}}],"collection":[{"href":"https:\/\/www.geografics.cat\/index.php?rest_route=\/wp\/v2\/posts"}],"about":[{"href":"https:\/\/www.geografics.cat\/index.php?rest_route=\/wp\/v2\/types\/post"}],"author":[{"embeddable":true,"href":"https:\/\/www.geografics.cat\/index.php?rest_route=\/wp\/v2\/users\/1"}],"replies":[{"embeddable":true,"href":"https:\/\/www.geografics.cat\/index.php?rest_route=%2Fwp%2Fv2%2Fcomments&post=88107"}],"version-history":[{"count":0,"href":"https:\/\/www.geografics.cat\/index.php?rest_route=\/wp\/v2\/posts\/88107\/revisions"}],"wp:featuredmedia":[{"embeddable":true,"href":"https:\/\/www.geografics.cat\/index.php?rest_route=\/wp\/v2\/media\/88110"}],"wp:attachment":[{"href":"https:\/\/www.geografics.cat\/index.php?rest_route=%2Fwp%2Fv2%2Fmedia&parent=88107"}],"wp:term":[{"taxonomy":"category","embeddable":true,"href":"https:\/\/www.geografics.cat\/index.php?rest_route=%2Fwp%2Fv2%2Fcategories&post=88107"},{"taxonomy":"post_tag","embeddable":true,"href":"https:\/\/www.geografics.cat\/index.php?rest_route=%2Fwp%2Fv2%2Ftags&post=88107"}],"curies":[{"name":"wp","href":"https:\/\/api.w.org\/{rel}","templated":true}]}}