{"id":937,"date":"2015-12-08T16:02:51","date_gmt":"2015-12-08T16:02:51","guid":{"rendered":"https:\/\/geografics.wordpress.com\/?p=937"},"modified":"2020-07-21T14:03:57","modified_gmt":"2020-07-21T14:03:57","slug":"puigsallanca-a-la-vall-del-llemena","status":"publish","type":"post","link":"https:\/\/www.geografics.cat\/?p=937","title":{"rendered":"Puigsallan\u00e7a, a la Vall del Ll\u00e9mena"},"content":{"rendered":"<p>Excursi\u00f3 circular al Puigsallan\u00e7a, des de St. Aniol de Finestres. Mira la ruta a <a href=\"http:\/\/ca.wikiloc.com\/wikiloc\/view.do?id=11623833\" target=\"_blank\" rel=\"noopener noreferrer\">wikiloc<\/a>\u00a0 i l&#8217;\u00e0lbum de fotos <a href=\"https:\/\/goo.gl\/photos\/sM5KnvvLbwVFf9mZ8\" target=\"_blank\" rel=\"noopener noreferrer\">aqu\u00ed<\/a><\/p>\n","protected":false},"excerpt":{"rendered":"<p>Excursi\u00f3 circular al Puigsallan\u00e7a, des de<\/p>\n","protected":false},"author":1,"featured_media":11128,"comment_status":"open","ping_status":"open","sticky":false,"template":"","format":"standard","meta":{"_monsterinsights_skip_tracking":false,"_monsterinsights_sitenote_active":false,"_monsterinsights_sitenote_note":"","_monsterinsights_sitenote_category":0,"jetpack_post_was_ever_published":false,"_jetpack_newsletter_access":"","_jetpack_dont_email_post_to_subs":false,"_jetpack_newsletter_tier_id":0,"_jetpack_memberships_contains_paywalled_content":false,"_jetpack_memberships_contains_paid_content":false,"footnotes":"","jetpack_publicize_message":"","jetpack_publicize_feature_enabled":true,"jetpack_social_post_already_shared":false,"jetpack_social_options":{"image_generator_settings":{"template":"highway","default_image_id":0,"font":"","enabled":false},"version":2}},"categories":[2,4,8],"tags":[41,68,70,76,80,97,114,115,130,138,162,181],"class_list":["post-937","post","type-post","status-publish","format-standard","has-post-thumbnail","hentry","category-coses-de-les-socials","category-excursions","category-rutes","tag-catalunya","tag-excursions","tag-finestres","tag-garrotxa","tag-geografia","tag-llemena","tag-muntanya","tag-natura","tag-paisatges","tag-patrimoni","tag-racons","tag-senderisme"],"jetpack_publicize_connections":[],"jetpack_featured_media_url":"https:\/\/i0.wp.com\/www.geografics.cat\/wp-content\/uploads\/2020\/07\/P1050525-scaled.jpg?fit=2048%2C1536&ssl=1","jetpack_likes_enabled":true,"jetpack_sharing_enabled":true,"jetpack-related-posts":[],"_links":{"self":[{"href":"https:\/\/www.geografics.cat\/index.php?rest_route=\/wp\/v2\/posts\/937","targetHints":{"allow":["GET"]}}],"collection":[{"href":"https:\/\/www.geografics.cat\/index.php?rest_route=\/wp\/v2\/posts"}],"about":[{"href":"https:\/\/www.geografics.cat\/index.php?rest_route=\/wp\/v2\/types\/post"}],"author":[{"embeddable":true,"href":"https:\/\/www.geografics.cat\/index.php?rest_route=\/wp\/v2\/users\/1"}],"replies":[{"embeddable":true,"href":"https:\/\/www.geografics.cat\/index.php?rest_route=%2Fwp%2Fv2%2Fcomments&post=937"}],"version-history":[{"count":0,"href":"https:\/\/www.geografics.cat\/index.php?rest_route=\/wp\/v2\/posts\/937\/revisions"}],"wp:featuredmedia":[{"embeddable":true,"href":"https:\/\/www.geografics.cat\/index.php?rest_route=\/wp\/v2\/media\/11128"}],"wp:attachment":[{"href":"https:\/\/www.geografics.cat\/index.php?rest_route=%2Fwp%2Fv2%2Fmedia&parent=937"}],"wp:term":[{"taxonomy":"category","embeddable":true,"href":"https:\/\/www.geografics.cat\/index.php?rest_route=%2Fwp%2Fv2%2Fcategories&post=937"},{"taxonomy":"post_tag","embeddable":true,"href":"https:\/\/www.geografics.cat\/index.php?rest_route=%2Fwp%2Fv2%2Ftags&post=937"}],"curies":[{"name":"wp","href":"https:\/\/api.w.org\/{rel}","templated":true}]}}