{"id":96029,"date":"2026-08-30T13:51:34","date_gmt":"2026-08-30T11:51:34","guid":{"rendered":"https:\/\/www.geografics.cat\/?p=96029"},"modified":"2026-08-30T13:51:35","modified_gmt":"2026-08-30T11:51:35","slug":"fontalba-puigmal-nuria","status":"publish","type":"post","link":"https:\/\/www.geografics.cat\/?p=96029","title":{"rendered":"Fontalba &#8211; Puigmal &#8211; N\u00faria"},"content":{"rendered":"\n<p class=\"wp-block-paragraph\">Tradicional pujada al&nbsp;<strong>Puigmal (2.913 m) des de Fontalba<\/strong>, una de les ascensions m\u00e9s cl\u00e0ssiques del Pirineu oriental.&nbsp;<strong>Aquest estiu hem optat per tornar als or\u00edgens!<\/strong><\/p>\n\n\n\n<p class=\"wp-block-paragraph\">Des de Fontalba anem guanyant al\u00e7ada progressivament fins a arribar al cim del Puigmal. Des d\u2019aqu\u00ed, el dia acompanya relativament,  i podem gaudir d\u2019una magn\u00edfica panor\u00e0mica sobre la\u00a0<strong>Vall de Ribes, la Vall de N\u00faria i els cims que l\u2019envolten<\/strong>, aix\u00ed com sobre la\u00a0<strong>Cerdanya, el Pirineu franc\u00e8s i les serres del Cad\u00ed i el Moixer\u00f3<\/strong>.<\/p>\n\n\n\n<p class=\"wp-block-paragraph\">Des del cim iniciem el descens per la&nbsp;<strong>Coma de l\u2019Embut<\/strong>, seguint el torrent fins a arribar a la Vall de N\u00faria. Despr\u00e9s d\u2019una parada a N\u00faria, emprenem el cam\u00ed de tornada cap a Fontalba, completant una&nbsp;<strong>bonica ruta circular d\u2019alta muntanya<\/strong>, amb alguns dels paisatges m\u00e9s caracter\u00edstics d\u2019aquest sector del Pirineu.<\/p>\n\n\n\n<p class=\"wp-block-paragraph\"><strong>Dades aproximades de la ruta:<\/strong>&nbsp;15 km de recorregut, uns&nbsp;<strong>1.000 m de desnivell positiu<\/strong>&nbsp;i una altitud m\u00e0xima de&nbsp;<strong>2.913 m al cim del Puigmal<\/strong>.<\/p>\n\n\n\n<p class=\"wp-block-paragraph\">Si voleu veure l&#8217;\u00e0lbum de fotos, podeu <a href=\"https:\/\/photos.app.goo.gl\/yXXiUdpqqGDF6VBw8\" data-type=\"link\" data-id=\"https:\/\/photos.app.goo.gl\/yXXiUdpqqGDF6VBw8\" target=\"_blank\" rel=\"noreferrer noopener\">entrar aqu\u00ed<\/a>. Espero que us agradin!<\/p>\n\n\n\n<figure class=\"wp-block-image size-large\"><img loading=\"lazy\" decoding=\"async\" width=\"2560\" height=\"1440\" src=\"https:\/\/www.geografics.cat\/wp-content\/uploads\/2026\/08\/P1240646-edited-scaled.jpg\" alt=\"\" class=\"wp-image-96032\" srcset=\"https:\/\/www.geografics.cat\/wp-content\/uploads\/2026\/08\/P1240646-edited-scaled.jpg 2560w, https:\/\/www.geografics.cat\/wp-content\/uploads\/2026\/08\/P1240646-edited-300x169.jpg 300w, https:\/\/www.geografics.cat\/wp-content\/uploads\/2026\/08\/P1240646-edited-1024x576.jpg 1024w, https:\/\/www.geografics.cat\/wp-content\/uploads\/2026\/08\/P1240646-edited-768x432.jpg 768w, https:\/\/www.geografics.cat\/wp-content\/uploads\/2026\/08\/P1240646-edited-1536x864.jpg 1536w, https:\/\/www.geografics.cat\/wp-content\/uploads\/2026\/08\/P1240646-edited-2048x1152.jpg 2048w, https:\/\/www.geografics.cat\/wp-content\/uploads\/2026\/08\/P1240646-edited-800x450.jpg 800w\" sizes=\"auto, (max-width: 2560px) 100vw, 2560px\" \/><\/figure>\n","protected":false},"excerpt":{"rendered":"<p>Tradicional pujada al&nbsp;Puigmal (2.913 m) des<\/p>\n","protected":false},"author":1,"featured_media":96033,"comment_status":"open","ping_status":"closed","sticky":false,"template":"","format":"standard","meta":{"footnotes":""},"categories":[7,4],"tags":[72,220,156,319],"class_list":["post-96029","post","type-post","status-publish","format-standard","has-post-thumbnail","hentry","category-reportatges","category-excursions","tag-fontalba","tag-nuria-2","tag-puigmal","tag-vall-de-nuria-2"],"_links":{"self":[{"href":"https:\/\/www.geografics.cat\/index.php?rest_route=\/wp\/v2\/posts\/96029","targetHints":{"allow":["GET"]}}],"collection":[{"href":"https:\/\/www.geografics.cat\/index.php?rest_route=\/wp\/v2\/posts"}],"about":[{"href":"https:\/\/www.geografics.cat\/index.php?rest_route=\/wp\/v2\/types\/post"}],"author":[{"embeddable":true,"href":"https:\/\/www.geografics.cat\/index.php?rest_route=\/wp\/v2\/users\/1"}],"replies":[{"embeddable":true,"href":"https:\/\/www.geografics.cat\/index.php?rest_route=%2Fwp%2Fv2%2Fcomments&post=96029"}],"version-history":[{"count":0,"href":"https:\/\/www.geografics.cat\/index.php?rest_route=\/wp\/v2\/posts\/96029\/revisions"}],"wp:featuredmedia":[{"embeddable":true,"href":"https:\/\/www.geografics.cat\/index.php?rest_route=\/wp\/v2\/media\/96033"}],"wp:attachment":[{"href":"https:\/\/www.geografics.cat\/index.php?rest_route=%2Fwp%2Fv2%2Fmedia&parent=96029"}],"wp:term":[{"taxonomy":"category","embeddable":true,"href":"https:\/\/www.geografics.cat\/index.php?rest_route=%2Fwp%2Fv2%2Fcategories&post=96029"},{"taxonomy":"post_tag","embeddable":true,"href":"https:\/\/www.geografics.cat\/index.php?rest_route=%2Fwp%2Fv2%2Ftags&post=96029"}],"curies":[{"name":"wp","href":"https:\/\/api.w.org\/{rel}","templated":true}]}}